{"id":3116,"date":"2023-10-24T20:53:36","date_gmt":"2023-10-24T23:53:36","guid":{"rendered":"https:\/\/jeffersonisac.adv.br\/index.php\/2023\/10\/24\/sancionada-lei-para-compensacao-aos-estados-por-perdas-com-o-icms-sobre-combustiveis\/"},"modified":"2023-10-24T20:53:36","modified_gmt":"2023-10-24T23:53:36","slug":"sancionada-lei-para-compensacao-aos-estados-por-perdas-com-o-icms-sobre-combustiveis","status":"publish","type":"post","link":"https:\/\/jeffersonisac.adv.br\/index.php\/2023\/10\/24\/sancionada-lei-para-compensacao-aos-estados-por-perdas-com-o-icms-sobre-combustiveis\/","title":{"rendered":"Sancionada lei para compensa\u00e7\u00e3o aos estados por perdas com o ICMS sobre combust\u00edveis"},"content":{"rendered":"<div class=\"image-container\">\n<div class=\"midia-creditos\"><em>Jos\u00e9 Cruz\/Ag\u00eancia Brasil<\/em><\/div>\n<div class=\"media-wrapper\"><\/div>\n<div class=\"midia-legenda\">Lei viabiliza compensa\u00e7\u00e3o de R$ 27 bi pela redu\u00e7\u00e3o do ICMS sobre combust\u00edveis em 2022<\/div>\n<\/div>\n<p>O presidente Luiz In\u00e1cio Lula da Silva sancionou, com <span class=\"termoGlossario\">veto<\/span> parcial, a <a href=\"https:\/\/www.planalto.gov.br\/ccivil_03\/leis\/lcp\/lcp201.htm\" target=\"_blank\" rel=\"noopener\">Lei Complementar 201\/23<\/a>, que viabiliza uma compensa\u00e7\u00e3o de R$ 27 bilh\u00f5es da Uni\u00e3o para os entes federativos em raz\u00e3o da redu\u00e7\u00e3o do <span class=\"termoGlossario\">ICMS<\/span> sobre combust\u00edveis adotada em 2022.<\/p>\n<p>O texto foi publicado em edi\u00e7\u00e3o extra do Di\u00e1rio Oficial da Uni\u00e3o nesta ter\u00e7a-feira (24). A norma \u00e9 oriunda do Projeto de Lei Complementar (PLP) 136\/23, do Poder Executivo, <a href=\"https:\/\/www.camara.leg.br\/noticias\/997968-CAMARA-APROVA-PROJETO-DE-COMPENSACAO-AOS-ESTADOS-POR-PERDAS-COM-ICMS-DE-COMBUSTIVEIS\">aprovado com altera\u00e7\u00f5es pela C\u00e2mara dos Deputados<\/a> e pelo Senado.<\/p>\n<p>Segundo a Presid\u00eancia da Rep\u00fablica, a nova lei assegura que nenhum munic\u00edpio perder\u00e1 arrecada\u00e7\u00e3o em rela\u00e7\u00e3o ao ano de 2022. \u201cAos estados, vamos garantir a recomposi\u00e7\u00e3o das perdas dos meses de julho e agosto de 2023\u201d, afirmou Lula.<\/p>\n<p><strong>Trecho vetado<\/strong><br \/>\nO presidente da Rep\u00fablica vetou trecho da nova lei complementar que obrigava a Uni\u00e3o a assumir repasses para os munic\u00edpios e para o <span class=\"termoGlossario\">Fundeb<\/span> se os estados n\u00e3o fizerem isso. A justificativa foi a falta de previs\u00e3o or\u00e7ament\u00e1ria e financeira.<\/p>\n<p>O veto presidencial ainda ser\u00e1 analisado pelo Congresso Nacional, em data a definir. Para que um veto seja derrubado, \u00e9 preciso ao menos a <span class=\"termoGlossario\">maioria absoluta<\/span> dos votos de deputados (257) e senadores (41), computados separadamente.<\/p>","protected":false},"excerpt":{"rendered":"<p>Jos\u00e9 Cruz\/Ag\u00eancia Brasil Lei viabiliza compensa\u00e7\u00e3o de R$ 27 bi pela redu\u00e7\u00e3o do ICMS sobre combust\u00edveis em 2022 O presidente Luiz In\u00e1cio Lula da Silva sancionou, com veto parcial, a Lei Complementar 201\/23, que viabiliza uma compensa\u00e7\u00e3o de R$ 27 bilh\u00f5es da Uni\u00e3o para os entes federativos em raz\u00e3o da redu\u00e7\u00e3o do ICMS sobre combust\u00edveis [&hellip;]<\/p>\n","protected":false},"author":0,"featured_media":0,"comment_status":"open","ping_status":"open","sticky":false,"template":"","format":"standard","meta":{"footnotes":""},"categories":[1],"tags":[],"_links":{"self":[{"href":"https:\/\/jeffersonisac.adv.br\/index.php\/wp-json\/wp\/v2\/posts\/3116"}],"collection":[{"href":"https:\/\/jeffersonisac.adv.br\/index.php\/wp-json\/wp\/v2\/posts"}],"about":[{"href":"https:\/\/jeffersonisac.adv.br\/index.php\/wp-json\/wp\/v2\/types\/post"}],"replies":[{"embeddable":true,"href":"https:\/\/jeffersonisac.adv.br\/index.php\/wp-json\/wp\/v2\/comments?post=3116"}],"version-history":[{"count":0,"href":"https:\/\/jeffersonisac.adv.br\/index.php\/wp-json\/wp\/v2\/posts\/3116\/revisions"}],"wp:attachment":[{"href":"https:\/\/jeffersonisac.adv.br\/index.php\/wp-json\/wp\/v2\/media?parent=3116"}],"wp:term":[{"taxonomy":"category","embeddable":true,"href":"https:\/\/jeffersonisac.adv.br\/index.php\/wp-json\/wp\/v2\/categories?post=3116"},{"taxonomy":"post_tag","embeddable":true,"href":"https:\/\/jeffersonisac.adv.br\/index.php\/wp-json\/wp\/v2\/tags?post=3116"}],"curies":[{"name":"wp","href":"https:\/\/api.w.org\/{rel}","templated":true}]}}