{"id":3127,"date":"2023-10-25T14:27:05","date_gmt":"2023-10-25T17:27:05","guid":{"rendered":"https:\/\/jeffersonisac.adv.br\/index.php\/2023\/10\/25\/projeto-muda-calculo-dos-precos-minimos-de-produtos-agricolas\/"},"modified":"2023-10-25T14:27:05","modified_gmt":"2023-10-25T17:27:05","slug":"projeto-muda-calculo-dos-precos-minimos-de-produtos-agricolas","status":"publish","type":"post","link":"https:\/\/jeffersonisac.adv.br\/index.php\/2023\/10\/25\/projeto-muda-calculo-dos-precos-minimos-de-produtos-agricolas\/","title":{"rendered":"Projeto muda c\u00e1lculo dos pre\u00e7os m\u00ednimos de produtos agr\u00edcolas"},"content":{"rendered":"<div class=\"image-container\">\n<div class=\"midia-creditos\"><em>Jaelson Lucas\/Ag\u00eancia de Not\u00edcias do Paran\u00e1<\/em><\/div>\n<div class=\"media-wrapper\"><\/div>\n<div class=\"midia-legenda\">Mudan\u00e7a incorpora deprecia\u00e7\u00e3o de m\u00e1quinas no c\u00e1lculo<\/div>\n<\/div>\n<p>O Projeto de Lei 1284\/19 determina que os pre\u00e7os m\u00ednimos de produtos agr\u00edcolas ser\u00e3o definidos pelo Conselho Monet\u00e1rio Nacional (CMN) em valores n\u00e3o inferiores ao custo operacional de produ\u00e7\u00e3o. O texto, j\u00e1 aprovado pelo Senado, est\u00e1 agora em an\u00e1lise na C\u00e2mara dos Deputados.<\/p>\n<p>Esse custo operacional ser\u00e1 obtido mediante a soma dos custos de produ\u00e7\u00e3o com o custo da deprecia\u00e7\u00e3o anual de m\u00e1quinas, equipamentos e benfeitorias, segundo crit\u00e9rios definidos pela Receita Federal.<\/p>\n<p>O texto altera o <a class=\"linkLegislacao\" href=\"https:\/\/www2.camara.gov.br\/legin\/fed\/declei\/1960-1969\/decreto-lei-79-19-dezembro-1966-376012-norma-pe.html\">Decreto-Lei 79\/66<\/a>. A reda\u00e7\u00e3o atual determina que os pre\u00e7os m\u00ednimos s\u00e3o definidos pelo CMN considerando os diversos fatores que influenciam as cota\u00e7\u00f5es dos produtos agr\u00edcolas nos mercados interno e externo e, tamb\u00e9m, com base nos custos de produ\u00e7\u00e3o.<\/p>\n<p>Segundo o senador Luis Carlos Heinze (PP-RS), autor da proposta, o objetivo da mudan\u00e7a \u00e9 incorporar melhor os custos de produ\u00e7\u00e3o, em especial a deprecia\u00e7\u00e3o de m\u00e1quinas e equipamentos usados. \u201cO m\u00e9rito \u00e9 atingir, principalmente, a agricultura familiar\u201d, argumentou Heinze ao defender as altera\u00e7\u00f5es.<\/p>\n<p><strong>Tramita\u00e7\u00e3o<\/strong><br \/>\nO projeto ser\u00e1 analisado pelas comiss\u00f5es de Agricultura, Pecu\u00e1ria, Abastecimento e Desenvolvimento Rural; de Finan\u00e7as e Tributa\u00e7\u00e3o; e de Constitui\u00e7\u00e3o e Justi\u00e7a e de Cidadania. Depois seguir\u00e1 para o Plen\u00e1rio.<\/p>\n<p><a href=\"https:\/\/www.camara.leg.br\/noticias\/573454-SAIBA-MAIS-SOBRE-A-TRAMITACAO-DE-PROJETOS-DE-LEI\">Saiba mais sobre a tramita\u00e7\u00e3o de projetos de lei<\/a><\/p>","protected":false},"excerpt":{"rendered":"<p>Jaelson Lucas\/Ag\u00eancia de Not\u00edcias do Paran\u00e1 Mudan\u00e7a incorpora deprecia\u00e7\u00e3o de m\u00e1quinas no c\u00e1lculo O Projeto de Lei 1284\/19 determina que os pre\u00e7os m\u00ednimos de produtos agr\u00edcolas ser\u00e3o definidos pelo Conselho Monet\u00e1rio Nacional (CMN) em valores n\u00e3o inferiores ao custo operacional de produ\u00e7\u00e3o. O texto, j\u00e1 aprovado pelo Senado, est\u00e1 agora em an\u00e1lise na C\u00e2mara dos [&hellip;]<\/p>\n","protected":false},"author":0,"featured_media":0,"comment_status":"open","ping_status":"open","sticky":false,"template":"","format":"standard","meta":{"footnotes":""},"categories":[1],"tags":[],"_links":{"self":[{"href":"https:\/\/jeffersonisac.adv.br\/index.php\/wp-json\/wp\/v2\/posts\/3127"}],"collection":[{"href":"https:\/\/jeffersonisac.adv.br\/index.php\/wp-json\/wp\/v2\/posts"}],"about":[{"href":"https:\/\/jeffersonisac.adv.br\/index.php\/wp-json\/wp\/v2\/types\/post"}],"replies":[{"embeddable":true,"href":"https:\/\/jeffersonisac.adv.br\/index.php\/wp-json\/wp\/v2\/comments?post=3127"}],"version-history":[{"count":0,"href":"https:\/\/jeffersonisac.adv.br\/index.php\/wp-json\/wp\/v2\/posts\/3127\/revisions"}],"wp:attachment":[{"href":"https:\/\/jeffersonisac.adv.br\/index.php\/wp-json\/wp\/v2\/media?parent=3127"}],"wp:term":[{"taxonomy":"category","embeddable":true,"href":"https:\/\/jeffersonisac.adv.br\/index.php\/wp-json\/wp\/v2\/categories?post=3127"},{"taxonomy":"post_tag","embeddable":true,"href":"https:\/\/jeffersonisac.adv.br\/index.php\/wp-json\/wp\/v2\/tags?post=3127"}],"curies":[{"name":"wp","href":"https:\/\/api.w.org\/{rel}","templated":true}]}}