{"id":3133,"date":"2023-10-25T17:33:25","date_gmt":"2023-10-25T20:33:25","guid":{"rendered":"https:\/\/jeffersonisac.adv.br\/index.php\/2023\/10\/25\/comissao-adia-para-a-proxima-semana-a-votacao-de-parecer-sobre-producao-de-hidrogenio-no-brasil\/"},"modified":"2023-10-25T17:33:25","modified_gmt":"2023-10-25T20:33:25","slug":"comissao-adia-para-a-proxima-semana-a-votacao-de-parecer-sobre-producao-de-hidrogenio-no-brasil","status":"publish","type":"post","link":"https:\/\/jeffersonisac.adv.br\/index.php\/2023\/10\/25\/comissao-adia-para-a-proxima-semana-a-votacao-de-parecer-sobre-producao-de-hidrogenio-no-brasil\/","title":{"rendered":"Comiss\u00e3o adia para a pr\u00f3xima semana a vota\u00e7\u00e3o de parecer sobre produ\u00e7\u00e3o de hidrog\u00eanio no Brasil"},"content":{"rendered":"<div class=\"image-container\">\n<div class=\"midia-creditos\"><em>Vinicius Loures \/ C\u00e2mara dos Deputados<\/em><\/div>\n<div class=\"media-wrapper\"><\/div>\n<div class=\"midia-legenda\">Bacelar lembra que j\u00e1 houve outras transi\u00e7\u00f5es energ\u00e9ticas, mas essa \u00e9 mais urgente<\/div>\n<\/div>\n<p>O relator da Comiss\u00e3o Especial de Transi\u00e7\u00e3o Energ\u00e9tica e Produ\u00e7\u00e3o de Hidrog\u00eanio da C\u00e2mara dos Deputados, Bacelar (PV-BA), anunciou durante reuni\u00e3o do colegiado nesta quarta-feira (25) que dever\u00e1 apresentar uma nova vers\u00e3o do seu parecer. A reuni\u00e3o havia sido convocada para discutir e votar a primeira vers\u00e3o do relat\u00f3rio, apresentada no \u00faltimo dia 11.<\/p>\n<p>Com o an\u00fancio, o presidente da comiss\u00e3o, deputado Arnaldo Jardim (Cidadania-SP), decidiu remarcar a reuni\u00e3o para a vota\u00e7\u00e3o do relat\u00f3rio para a pr\u00f3xima semana.<\/p>\n<p>Segundo Bacelar, a nova vers\u00e3o aproveita cerca de 240 sugest\u00f5es encaminhadas pela sociedade civil.\u00a0\u201cAs contribui\u00e7\u00f5es apresentadas qualificaram mais ainda o documento e, em respeito a esse grande n\u00famero de contribui\u00e7\u00f5es, estamos colocando hoje no site da comiss\u00e3o, no fim da tarde, essa segunda proposta de projeto de lei, agora ampliada e com as contribui\u00e7\u00f5es que vieram da sociedade civil\u201d, disse.<\/p>\n<p>O relator aproveitou para destacar a import\u00e2ncia do hidrog\u00eanio nos esfor\u00e7os mundiais contra o aquecimento global. \u201cNo passado, tivemos a passagem da madeira para o carv\u00e3o, no s\u00e9culo 19, e do carv\u00e3o para o petr\u00f3leo, no s\u00e9culo 20. O que diferencia esta transi\u00e7\u00e3o das outras \u00e9 a urg\u00eancia em proteger o planeta da maior amea\u00e7a que ele j\u00e1 enfrentou. Isso deve ser feito mais r\u00e1pido poss\u00edvel\u201d, observou o relator.<\/p>","protected":false},"excerpt":{"rendered":"<p>Vinicius Loures \/ C\u00e2mara dos Deputados Bacelar lembra que j\u00e1 houve outras transi\u00e7\u00f5es energ\u00e9ticas, mas essa \u00e9 mais urgente O relator da Comiss\u00e3o Especial de Transi\u00e7\u00e3o Energ\u00e9tica e Produ\u00e7\u00e3o de Hidrog\u00eanio da C\u00e2mara dos Deputados, Bacelar (PV-BA), anunciou durante reuni\u00e3o do colegiado nesta quarta-feira (25) que dever\u00e1 apresentar uma nova vers\u00e3o do seu parecer. A [&hellip;]<\/p>\n","protected":false},"author":0,"featured_media":0,"comment_status":"open","ping_status":"open","sticky":false,"template":"","format":"standard","meta":{"footnotes":""},"categories":[1],"tags":[],"_links":{"self":[{"href":"https:\/\/jeffersonisac.adv.br\/index.php\/wp-json\/wp\/v2\/posts\/3133"}],"collection":[{"href":"https:\/\/jeffersonisac.adv.br\/index.php\/wp-json\/wp\/v2\/posts"}],"about":[{"href":"https:\/\/jeffersonisac.adv.br\/index.php\/wp-json\/wp\/v2\/types\/post"}],"replies":[{"embeddable":true,"href":"https:\/\/jeffersonisac.adv.br\/index.php\/wp-json\/wp\/v2\/comments?post=3133"}],"version-history":[{"count":0,"href":"https:\/\/jeffersonisac.adv.br\/index.php\/wp-json\/wp\/v2\/posts\/3133\/revisions"}],"wp:attachment":[{"href":"https:\/\/jeffersonisac.adv.br\/index.php\/wp-json\/wp\/v2\/media?parent=3133"}],"wp:term":[{"taxonomy":"category","embeddable":true,"href":"https:\/\/jeffersonisac.adv.br\/index.php\/wp-json\/wp\/v2\/categories?post=3133"},{"taxonomy":"post_tag","embeddable":true,"href":"https:\/\/jeffersonisac.adv.br\/index.php\/wp-json\/wp\/v2\/tags?post=3133"}],"curies":[{"name":"wp","href":"https:\/\/api.w.org\/{rel}","templated":true}]}}