{"id":3137,"date":"2023-10-25T20:31:39","date_gmt":"2023-10-25T23:31:39","guid":{"rendered":"https:\/\/jeffersonisac.adv.br\/index.php\/2023\/10\/25\/especialistas-apontam-que-mulheres-negras-tem-menos-oportunidades-de-tratar-cancer-do-que-brancas\/"},"modified":"2023-10-25T20:31:39","modified_gmt":"2023-10-25T23:31:39","slug":"especialistas-apontam-que-mulheres-negras-tem-menos-oportunidades-de-tratar-cancer-do-que-brancas","status":"publish","type":"post","link":"https:\/\/jeffersonisac.adv.br\/index.php\/2023\/10\/25\/especialistas-apontam-que-mulheres-negras-tem-menos-oportunidades-de-tratar-cancer-do-que-brancas\/","title":{"rendered":"Especialistas apontam que mulheres negras t\u00eam menos oportunidades de tratar c\u00e2ncer do que brancas"},"content":{"rendered":"<div class=\"image-container\">\n<div class=\"midia-creditos\"><em>Carolina Souza \/ C\u00e2mara dos Deputados<\/em><\/div>\n<div class=\"media-wrapper\"><\/div>\n<div class=\"midia-legenda\">Semin\u00e1rio organizado pela Secretaria da Mulher e pela Comiss\u00e3o de Defesa dos Direitos da Mulher<\/div>\n<\/div>\n<p>Especialistas que participaram nesta quarta-feira (25) do semin\u00e1rio &#8220;Inova\u00e7\u00e3o, educa\u00e7\u00e3o e cuidado com as mulheres no Outubro Rosa&#8221; conclu\u00edram que a quest\u00e3o racial \u00e9 uma vari\u00e1vel importante no acesso ao tratamento do c\u00e2ncer de mama no Sistema \u00danico de Sa\u00fade (SUS).<\/p>\n<p>O evento foi organizado pela Secretaria da Mulher e pela Comiss\u00e3o de Defesa dos Direitos da Mulher da C\u00e2mara dos Deputados, como parte da Campanha Outubro Rosa.<\/p>\n<p>Segundo pesquisa do Instituto Avon, entre as mulheres que realizam mamografia, s\u00f3 24% s\u00e3o negras, mas 47% das pacientes que recebem o diagn\u00f3stico de c\u00e2ncer em est\u00e1gio avan\u00e7ado s\u00e3o negras.<\/p>\n<p>&#8220;As mulheres negras t\u00eam menos acesso aos exames de rastreamento que permitiriam um diagn\u00f3stico precoce, e portanto t\u00eam um est\u00e1gio mais avan\u00e7ado no diagn\u00f3stico. Isso acaba se traduzindo, infelizmente, em uma letalidade maior&#8221;, alertou a diretora do instituto, Daniela Grelin.<\/p>\n<p>Apesar da premissa de acesso universal ao SUS, segundo a integrante da Comiss\u00e3o Intersetorial de Sa\u00fade da Mulher do Conselho Nacional de Sa\u00fade (CNS), Damiana Bernardo de Oliveira, crit\u00e9rios como faixa de renda e ra\u00e7a segregam as mulheres na realiza\u00e7\u00e3o de exames preventivos, bem como no acompanhamento da evolu\u00e7\u00e3o da doen\u00e7a. \u201cExiste um fator na sa\u00fade que se chama racismo institucional e isso precisa ser enfrentado\u201d, disse.<\/p>\n<p>Ela, que \u00e9 epidemiologista, frisou que as mulheres mais diagnosticadas com c\u00e2ncer s\u00e3o brancas, mas as que mais morrem da doen\u00e7a as negras.<\/p>\n<p>De acordo com levantamento do Instituto Nacional do C\u00e2ncer (Inca), em 2021, mais de 18 mil pessoas morreram de c\u00e2ncer de mama no Brasil.<\/p>\n<div class=\"image-container\">\n<div class=\"midia-creditos\"><em>Carolina Souza \/ C\u00e2mara dos Deputados<\/em><\/div>\n<div class=\"media-wrapper\"><\/div>\n<div class=\"midia-legenda\">Renilce (C) citou exemplo de atendimento a mulheres ribeirinhas no Par\u00e1<\/div>\n<\/div>\n<p><strong>C\u00e2ncer nas Favelas<br \/>\n<\/strong>A presidente do Instituto Oncoguia, Luciana Holtz, de Camargo Barros, citou pesquisa realizada em favelas de todo o Pa\u00eds em 2023, a qual demonstrou que os pacientes n\u00e3o t\u00eam acesso ao tratamento oncol\u00f3gico em raz\u00e3o da falta de creches e dos custos de locomo\u00e7\u00e3o para hospitais e de alimenta\u00e7\u00e3o longe de casa.<\/p>\n<p>Segundo esses dados, 44% das pessoas concordam que, se tivessem com quem deixar os filhos, poderiam cuidar melhor da sa\u00fade. &#8220;Para esses grupos mais vulner\u00e1veis que est\u00e3o enfrentando in\u00fameras dificuldades do ponto de vista social, econ\u00f4mico, at\u00e9 cultural, a gente tem de fazer mais e diferente&#8221;, refor\u00e7ou Holtz.<\/p>\n<p>Nessa mesma linha, falou a consultora da sa\u00fade da mulher da Organiza\u00e7\u00e3o Panamericana de Sa\u00fade (Opas), Gabriela Giacomini. &#8220;Por mais que a gente tenha uma pol\u00edtica de sa\u00fade muito bem azeitada no que diz respeito ao diagn\u00f3stico, \u00e0 preven\u00e7\u00e3o e ao rastreio, a mulher muitas vezes n\u00e3o tem condi\u00e7\u00f5es para ir at\u00e9 a unidade b\u00e1sica de sa\u00fade (UBS)&#8221;.<\/p>\n<p><strong>Mulheres ribeirinhas<br \/>\n<\/strong>A deputada Renilce Nicodemos (MDB-PA) citou o trabalho do Instituto Ercilia Nicodemos, que disp\u00f5e de quatro carretas para atender mulheres nas \u00e1reas ribeirinhas e rurais paraenses com a oferta de exames ginecol\u00f3gicos, al\u00e9m da mamografia. &#8220;Ainda h\u00e1 muito o que se fazer, mas estamos comprometidos com a luta contra o c\u00e2ncer&#8221;, disse a parlamentar.<\/p>\n<p>Ela citou dados do Minist\u00e9rio da Sa\u00fade, pelos quais 20% das mulheres com idade entre 58 e 69 anos nunca realizaram mamografia. Das mulheres que realizam esse exame, 55% s\u00e3o diagnosticadas em est\u00e1gios avan\u00e7ados da doen\u00e7a.<\/p>\n<p><strong>Recursos<br \/>\n<\/strong>A secret\u00e1ria nacional de Aquicultura, deputada licenciada Tereza Nelma, que atualmente trata um c\u00e2ncer em est\u00e1gio de met\u00e1stase, concordou que \u00e9 preciso ampliar os cuidados de sa\u00fade da mulher. No entanto, refor\u00e7ou que n\u00e3o faltam recursos, e sim fiscaliza\u00e7\u00e3o.<\/p>\n<p>&#8220;Em 2019 e 2020, o Minist\u00e9rio da Sa\u00fade conseguiu R$ 150 milh\u00f5es que foram distribu\u00eddos pelo Brasil para preven\u00e7\u00e3o e diagn\u00f3stico do c\u00e2ncer de mama e do c\u00e2ncer de \u00fatero&#8221;, disse.<\/p>","protected":false},"excerpt":{"rendered":"<p>Carolina Souza \/ C\u00e2mara dos Deputados Semin\u00e1rio organizado pela Secretaria da Mulher e pela Comiss\u00e3o de Defesa dos Direitos da Mulher Especialistas que participaram nesta quarta-feira (25) do semin\u00e1rio &#8220;Inova\u00e7\u00e3o, educa\u00e7\u00e3o e cuidado com as mulheres no Outubro Rosa&#8221; conclu\u00edram que a quest\u00e3o racial \u00e9 uma vari\u00e1vel importante no acesso ao tratamento do c\u00e2ncer de [&hellip;]<\/p>\n","protected":false},"author":0,"featured_media":0,"comment_status":"open","ping_status":"open","sticky":false,"template":"","format":"standard","meta":{"footnotes":""},"categories":[1],"tags":[],"_links":{"self":[{"href":"https:\/\/jeffersonisac.adv.br\/index.php\/wp-json\/wp\/v2\/posts\/3137"}],"collection":[{"href":"https:\/\/jeffersonisac.adv.br\/index.php\/wp-json\/wp\/v2\/posts"}],"about":[{"href":"https:\/\/jeffersonisac.adv.br\/index.php\/wp-json\/wp\/v2\/types\/post"}],"replies":[{"embeddable":true,"href":"https:\/\/jeffersonisac.adv.br\/index.php\/wp-json\/wp\/v2\/comments?post=3137"}],"version-history":[{"count":0,"href":"https:\/\/jeffersonisac.adv.br\/index.php\/wp-json\/wp\/v2\/posts\/3137\/revisions"}],"wp:attachment":[{"href":"https:\/\/jeffersonisac.adv.br\/index.php\/wp-json\/wp\/v2\/media?parent=3137"}],"wp:term":[{"taxonomy":"category","embeddable":true,"href":"https:\/\/jeffersonisac.adv.br\/index.php\/wp-json\/wp\/v2\/categories?post=3137"},{"taxonomy":"post_tag","embeddable":true,"href":"https:\/\/jeffersonisac.adv.br\/index.php\/wp-json\/wp\/v2\/tags?post=3137"}],"curies":[{"name":"wp","href":"https:\/\/api.w.org\/{rel}","templated":true}]}}