{"id":3153,"date":"2023-10-26T11:58:46","date_gmt":"2023-10-26T14:58:46","guid":{"rendered":"https:\/\/jeffersonisac.adv.br\/index.php\/2023\/10\/26\/comissoes-vao-debater-perseguicao-ideologica-a-professores-em-salas-de-aula\/"},"modified":"2023-10-26T11:58:46","modified_gmt":"2023-10-26T14:58:46","slug":"comissoes-vao-debater-perseguicao-ideologica-a-professores-em-salas-de-aula","status":"publish","type":"post","link":"https:\/\/jeffersonisac.adv.br\/index.php\/2023\/10\/26\/comissoes-vao-debater-perseguicao-ideologica-a-professores-em-salas-de-aula\/","title":{"rendered":"Comiss\u00f5es v\u00e3o debater persegui\u00e7\u00e3o ideol\u00f3gica a professores em salas de aula"},"content":{"rendered":"<div class=\"image-container\">\n<div class=\"midia-creditos\"><em>Henderson Alves\/SEED-PR<\/em><\/div>\n<div class=\"media-wrapper\"><\/div>\n<div class=\"midia-legenda\">Deputadas querem garantir a pluralidade de ideias nas salas de aula<\/div>\n<\/div>\n<p>As comiss\u00f5es de Educa\u00e7\u00e3o e de Direitos Humanos da C\u00e2mara dos Deputados v\u00e3o realizar, na segunda-feira (30), audi\u00eancia p\u00fablica conjunta para debater a persegui\u00e7\u00e3o a professores no Brasil.<\/p>\n<p>Confira a<a href=\"https:\/\/www.camara.leg.br\/evento-legislativo\/70455\"> lista de convidados<\/a> da reuni\u00e3o, marcada para as 14 horas, no plen\u00e1rio 10.<\/p>\n<p>O requerimento para a realiza\u00e7\u00e3o da audi\u00eancia foi apresentado pelas deputadas Tal\u00edria Petrone (Psol-RJ), Erika Hilton (Psol-SP) e Professora Luciene Cavalcante (Psol-SP). Elas consideram a persegui\u00e7\u00e3o ideol\u00f3gica aos professores uma amea\u00e7a aos princ\u00edpios fundamentais do Estado Democr\u00e1tico de Direito e buscam, com o debate, solu\u00e7\u00e3o para o problema.<\/p>\n<p>&#8220;A audi\u00eancia p\u00fablica no Congresso Nacional pode servir como um espa\u00e7o para discutir a adequa\u00e7\u00e3o das pol\u00edticas educacionais vigentes e avaliar se est\u00e3o sendo respeitados os princ\u00edpios constitucionais de pluralidade de ideias e respeito \u00e0 diversidade&#8221;, definem na justificativa do requerimento. &#8220;Ser\u00e1 uma oportunidade para avaliar se existem mecanismos suficientes de prote\u00e7\u00e3o aos professores que se sentem perseguidos, bem como para propor medidas que possam fortalecer a autonomia e a valoriza\u00e7\u00e3o dos docentes em nosso pa\u00eds&#8221;, acrescentam.<\/p>\n<p>Elas ressaltam que n\u00e3o h\u00e1 a inten\u00e7\u00e3o de desqualificar posicionamentos pol\u00edticos ou ideol\u00f3gicos, mas garantir que o ambiente educacional seja um espa\u00e7o de livre express\u00e3o, pluralidade de ideias e respeito \u00e0s diferen\u00e7as.<\/p>","protected":false},"excerpt":{"rendered":"<p>Henderson Alves\/SEED-PR Deputadas querem garantir a pluralidade de ideias nas salas de aula As comiss\u00f5es de Educa\u00e7\u00e3o e de Direitos Humanos da C\u00e2mara dos Deputados v\u00e3o realizar, na segunda-feira (30), audi\u00eancia p\u00fablica conjunta para debater a persegui\u00e7\u00e3o a professores no Brasil. Confira a lista de convidados da reuni\u00e3o, marcada para as 14 horas, no plen\u00e1rio [&hellip;]<\/p>\n","protected":false},"author":0,"featured_media":0,"comment_status":"open","ping_status":"open","sticky":false,"template":"","format":"standard","meta":{"footnotes":""},"categories":[1],"tags":[],"_links":{"self":[{"href":"https:\/\/jeffersonisac.adv.br\/index.php\/wp-json\/wp\/v2\/posts\/3153"}],"collection":[{"href":"https:\/\/jeffersonisac.adv.br\/index.php\/wp-json\/wp\/v2\/posts"}],"about":[{"href":"https:\/\/jeffersonisac.adv.br\/index.php\/wp-json\/wp\/v2\/types\/post"}],"replies":[{"embeddable":true,"href":"https:\/\/jeffersonisac.adv.br\/index.php\/wp-json\/wp\/v2\/comments?post=3153"}],"version-history":[{"count":0,"href":"https:\/\/jeffersonisac.adv.br\/index.php\/wp-json\/wp\/v2\/posts\/3153\/revisions"}],"wp:attachment":[{"href":"https:\/\/jeffersonisac.adv.br\/index.php\/wp-json\/wp\/v2\/media?parent=3153"}],"wp:term":[{"taxonomy":"category","embeddable":true,"href":"https:\/\/jeffersonisac.adv.br\/index.php\/wp-json\/wp\/v2\/categories?post=3153"},{"taxonomy":"post_tag","embeddable":true,"href":"https:\/\/jeffersonisac.adv.br\/index.php\/wp-json\/wp\/v2\/tags?post=3153"}],"curies":[{"name":"wp","href":"https:\/\/api.w.org\/{rel}","templated":true}]}}