{"id":3155,"date":"2023-10-26T13:30:33","date_gmt":"2023-10-26T16:30:33","guid":{"rendered":"https:\/\/jeffersonisac.adv.br\/index.php\/2023\/10\/26\/camara-aprova-o-dia-nacional-do-hematologista-e-do-hemoterapeuta\/"},"modified":"2023-10-26T13:30:33","modified_gmt":"2023-10-26T16:30:33","slug":"camara-aprova-o-dia-nacional-do-hematologista-e-do-hemoterapeuta","status":"publish","type":"post","link":"https:\/\/jeffersonisac.adv.br\/index.php\/2023\/10\/26\/camara-aprova-o-dia-nacional-do-hematologista-e-do-hemoterapeuta\/","title":{"rendered":"C\u00e2mara aprova o Dia Nacional do Hematologista e do Hemoterapeuta"},"content":{"rendered":"<div class=\"image-container\">\n<div class=\"midia-creditos\"><em>Billy Boss \/C\u00e2mara dos Deputados<\/em><\/div>\n<div class=\"media-wrapper\"><\/div>\n<div class=\"midia-legenda\">Celso Russomanno: hematologistas e hemoterapeutas s\u00e3o essenciais<\/div>\n<\/div>\n<p>A C\u00e2mara dos Deputados aprovou, nesta quinta-feira (26), o Projeto de Lei 3466\/23, que institui o Dia Nacional do Hematologista e Hemoterapeuta, a ser celebrado em 29 de outubro. O texto segue para an\u00e1lise do Senado.<\/p>\n<p>O parecer favor\u00e1vel do relator, deputado Weliton Prado (Solidariedade-MG), foi lido em Plen\u00e1rio pelo deputado Osmar Terra (MDB-RS). \u201cEsses profissionais s\u00e3o essenciais em toda a cadeia que envolve a coleta, a doa\u00e7\u00e3o de sangue e os hemoderivados\u201d, afirmou Prado.<\/p>\n<p>\u201cMuitas doen\u00e7as que envolvem os componentes do sangue, que h\u00e1 poucos anos tinham altas taxas de mortalidade, hoje s\u00e3o cur\u00e1veis gra\u00e7as aos hematologistas e hemoterapeutas\u201d, disse o autor da proposta, deputado Celso Russomanno (Republicanos-SP).<\/p>\n<p>Em 29 de outubro de 2008, lembrou Russomanno, houve a fus\u00e3o da Sociedade Brasileira de Hematologia e do Col\u00e9gio Brasileiro de Hematologia, dando origem \u00e0 Associa\u00e7\u00e3o Brasileira de Hematologia, Hemoterapia e Terapia Celular (ABHH).<\/p>","protected":false},"excerpt":{"rendered":"<p>Billy Boss \/C\u00e2mara dos Deputados Celso Russomanno: hematologistas e hemoterapeutas s\u00e3o essenciais A C\u00e2mara dos Deputados aprovou, nesta quinta-feira (26), o Projeto de Lei 3466\/23, que institui o Dia Nacional do Hematologista e Hemoterapeuta, a ser celebrado em 29 de outubro. O texto segue para an\u00e1lise do Senado. O parecer favor\u00e1vel do relator, deputado Weliton [&hellip;]<\/p>\n","protected":false},"author":0,"featured_media":0,"comment_status":"open","ping_status":"open","sticky":false,"template":"","format":"standard","meta":{"footnotes":""},"categories":[1],"tags":[],"_links":{"self":[{"href":"https:\/\/jeffersonisac.adv.br\/index.php\/wp-json\/wp\/v2\/posts\/3155"}],"collection":[{"href":"https:\/\/jeffersonisac.adv.br\/index.php\/wp-json\/wp\/v2\/posts"}],"about":[{"href":"https:\/\/jeffersonisac.adv.br\/index.php\/wp-json\/wp\/v2\/types\/post"}],"replies":[{"embeddable":true,"href":"https:\/\/jeffersonisac.adv.br\/index.php\/wp-json\/wp\/v2\/comments?post=3155"}],"version-history":[{"count":0,"href":"https:\/\/jeffersonisac.adv.br\/index.php\/wp-json\/wp\/v2\/posts\/3155\/revisions"}],"wp:attachment":[{"href":"https:\/\/jeffersonisac.adv.br\/index.php\/wp-json\/wp\/v2\/media?parent=3155"}],"wp:term":[{"taxonomy":"category","embeddable":true,"href":"https:\/\/jeffersonisac.adv.br\/index.php\/wp-json\/wp\/v2\/categories?post=3155"},{"taxonomy":"post_tag","embeddable":true,"href":"https:\/\/jeffersonisac.adv.br\/index.php\/wp-json\/wp\/v2\/tags?post=3155"}],"curies":[{"name":"wp","href":"https:\/\/api.w.org\/{rel}","templated":true}]}}