{"id":3163,"date":"2023-10-26T16:25:59","date_gmt":"2023-10-26T19:25:59","guid":{"rendered":"https:\/\/jeffersonisac.adv.br\/index.php\/2023\/10\/26\/comissao-aprova-homenagens-a-pessoas-e-municipios-e-criacao-de-datas-comemorativas\/"},"modified":"2023-10-26T16:25:59","modified_gmt":"2023-10-26T19:25:59","slug":"comissao-aprova-homenagens-a-pessoas-e-municipios-e-criacao-de-datas-comemorativas","status":"publish","type":"post","link":"https:\/\/jeffersonisac.adv.br\/index.php\/2023\/10\/26\/comissao-aprova-homenagens-a-pessoas-e-municipios-e-criacao-de-datas-comemorativas\/","title":{"rendered":"Comiss\u00e3o aprova homenagens a pessoas e munic\u00edpios e cria\u00e7\u00e3o de datas comemorativas"},"content":{"rendered":"<div class=\"image-container\">\n<div class=\"midia-creditos\"><em>VInicius Loures \/ C\u00e2mara dos Deputados<\/em><\/div>\n<div class=\"media-wrapper\"><\/div>\n<div class=\"midia-legenda\">Reuni\u00e3o da Comiss\u00e3o de Constitui\u00e7\u00e3o e Justi\u00e7a e de Cidadania nesta quinta-feira<\/div>\n<\/div>\n<p><span>A Comiss\u00e3o de Constitui\u00e7\u00e3o e Justi\u00e7a e de Cidadania da C\u00e2mara dos Deputados aprovou nesta quinta-feira (25) uma s\u00e9rie de propostas que homenageiam personalidades e munic\u00edpios e criam datas comemorativas:<\/span><\/p>\n<p><span>PL 2706\/19: cria o Dia Nacional de Luta contra a Viol\u00eancia Dom\u00e9stica e Familiar, em 7 de agosto<\/span><br \/>\n<span>PL 5868\/19: institui o Dia Nacional da Educa\u00e7\u00e3o Legislativa, em 15 de maio\u00a0<\/span><br \/>\n<span>PL\u00a0 7690\/14: institui o dia 25 de julho como o \u201cDia Nacional da Promo\u00e7\u00e3o Cultural da Paz\u201d<\/span><br \/>\n<span>PL 11144\/18: institui o dia 21 de agosto como o Dia Nacional do M\u00e9dico Ultrassonografista<\/span><br \/>\n<span>PL 3885\/23: cria o Dia Nacional do Policial Penal, no dia 4 de dezembro<\/span><br \/>\n<span>PL 4323\/21: inscreve o nome de Adolfo Bezerra de Menezes Cavalcanti, o Doutor Bezerra de Menezes, no Livro dos Her\u00f3is e Hero\u00ednas da P\u00e1tria<\/span><br \/>\n<span>PL 3903\/21: inscreve o nome de Dorina de Gouv\u00eaa Nowill no Livro dos Her\u00f3is e Hero\u00ednas da P\u00e1tria<\/span><br \/>\n<span>PL 7852\/10: confere o t\u00edtulo de &#8220;Capital Nacional da Energia Limpa&#8221; ao munic\u00edpio de Petr\u00f3polis (RJ)<\/span><br \/>\n<span>PL 10706\/18: declara a cidade de Nova Friburgo (RJ) como a \u201cSu\u00ed\u00e7a Brasileira\u201d<\/span><br \/>\n<span>PL 10978\/18: reconhece o munic\u00edpio de Ubatuba (SP) como \u201cCapital Nacional da Mata Atl\u00e2ntica\u201d<\/span><br \/>\n<span>PL 1434\/19: d\u00e1 o t\u00edtulo de &#8220;Capital Nacional do Incentivo \u00e0s Micros e Pequenas Empresas\u201d ao munic\u00edpio de Tr\u00eas Rios (RJ)<\/span><br \/>\n<span>PL 349\/20: cria a Rota Tur\u00edstica Hist\u00f3rica Bel\u00e9m-Bragan\u00e7a, com o objetivo de estimular o desenvolvimento econ\u00f4mico e social da Amaz\u00f4nia Atl\u00e2ntica<\/span><br \/>\n<span>PL 3724\/21: reconhece os blocos e bandas de Carnaval \u2013 seus desfiles, sua m\u00fasica, suas pr\u00e1ticas, suas tradi\u00e7\u00f5es \u2013 como manifesta\u00e7\u00e3o da cultura nacional<\/span><br \/>\n<span>PL 3356\/21: concede \u00e0 cidade de Mateiros (TO) o t\u00edtulo de \u201cCapital Nacional do Capim Dourado\u201d<\/span><br \/>\n<span>PL 1945\/22: reconhece a Festa de S\u00e3o Vito, realizada na cidade de S\u00e3o Paulo (SP), como manifesta\u00e7\u00e3o da cultura nacional<\/span><br \/>\n<span>PL 6184\/09: Denomina Soldado Constitucionalista Ab\u00edlio Previdi o viaduto localizado no km 464,6 da Rodovia R\u00e9gis Bittencourt (SP)<\/span><br \/>\n<span>PL 2562\/15: d\u00e1 o nome de Bruno Santos Bacci a passarela de pedestre constru\u00edda sobre a rodovia Fern\u00e3o Dias, no bairro do Tanque, da cidade de Atibaia (SP)<\/span><br \/>\n<span>PL 10388\/18: d\u00e1 o nome de Aureliano Henriques Brotto \u00e0 passarela situada no km 201,7 da Rodovia Presidente Dutra , no munic\u00edpio de Aruj\u00e1 (SP)<\/span><br \/>\n<span>PL 768\/19: d\u00e1 o nome de Vicente Vitagliano ao viaduto localizado no km 72,8 da BR-153, em S\u00e3o Jos\u00e9 do Rio Preto (SP)<\/span><br \/>\n<span>PL 2082\/19: d\u00e1 o nome de Alberto Dauaire a trecho da BR-356 entre S\u00e3o Jo\u00e3o da Barra (RJ) e Campos dos Goytacazes (RJ)<\/span><br \/>\n<span>PL 6495\/19: d\u00e1 o nome de Doutor Luciano Heitor Beiguelman ao trecho da BR-153 entre os munic\u00edpios de lcem e Nova Granada (SP)<\/span><br \/>\n<span>PL 771\/22: denomina Ant\u00f4nio Carlos Belchior o Terminal Mar\u00edtimo de Passageiros do Porto de Fortaleza (CE).<\/span><\/p>\n<p><a href=\"https:\/\/www.camara.leg.br\/noticias\/573454-SAIBA-MAIS-SOBRE-A-TRAMITACAO-DE-PROJETOS-DE-LEI\">Saiba mais sobre a tramita\u00e7\u00e3o de projetos de lei<\/a><\/p>","protected":false},"excerpt":{"rendered":"<p>VInicius Loures \/ C\u00e2mara dos Deputados Reuni\u00e3o da Comiss\u00e3o de Constitui\u00e7\u00e3o e Justi\u00e7a e de Cidadania nesta quinta-feira A Comiss\u00e3o de Constitui\u00e7\u00e3o e Justi\u00e7a e de Cidadania da C\u00e2mara dos Deputados aprovou nesta quinta-feira (25) uma s\u00e9rie de propostas que homenageiam personalidades e munic\u00edpios e criam datas comemorativas: PL 2706\/19: cria o Dia Nacional de [&hellip;]<\/p>\n","protected":false},"author":0,"featured_media":0,"comment_status":"open","ping_status":"open","sticky":false,"template":"","format":"standard","meta":{"footnotes":""},"categories":[1],"tags":[],"_links":{"self":[{"href":"https:\/\/jeffersonisac.adv.br\/index.php\/wp-json\/wp\/v2\/posts\/3163"}],"collection":[{"href":"https:\/\/jeffersonisac.adv.br\/index.php\/wp-json\/wp\/v2\/posts"}],"about":[{"href":"https:\/\/jeffersonisac.adv.br\/index.php\/wp-json\/wp\/v2\/types\/post"}],"replies":[{"embeddable":true,"href":"https:\/\/jeffersonisac.adv.br\/index.php\/wp-json\/wp\/v2\/comments?post=3163"}],"version-history":[{"count":0,"href":"https:\/\/jeffersonisac.adv.br\/index.php\/wp-json\/wp\/v2\/posts\/3163\/revisions"}],"wp:attachment":[{"href":"https:\/\/jeffersonisac.adv.br\/index.php\/wp-json\/wp\/v2\/media?parent=3163"}],"wp:term":[{"taxonomy":"category","embeddable":true,"href":"https:\/\/jeffersonisac.adv.br\/index.php\/wp-json\/wp\/v2\/categories?post=3163"},{"taxonomy":"post_tag","embeddable":true,"href":"https:\/\/jeffersonisac.adv.br\/index.php\/wp-json\/wp\/v2\/tags?post=3163"}],"curies":[{"name":"wp","href":"https:\/\/api.w.org\/{rel}","templated":true}]}}