{"id":3176,"date":"2023-10-27T08:42:21","date_gmt":"2023-10-27T11:42:21","guid":{"rendered":"https:\/\/jeffersonisac.adv.br\/index.php\/2023\/10\/27\/comissao-vai-debater-aumento-da-parcela-de-credito-consignado-sobre-a-remuneracao\/"},"modified":"2023-10-27T08:42:21","modified_gmt":"2023-10-27T11:42:21","slug":"comissao-vai-debater-aumento-da-parcela-de-credito-consignado-sobre-a-remuneracao","status":"publish","type":"post","link":"https:\/\/jeffersonisac.adv.br\/index.php\/2023\/10\/27\/comissao-vai-debater-aumento-da-parcela-de-credito-consignado-sobre-a-remuneracao\/","title":{"rendered":"Comiss\u00e3o vai debater aumento da parcela de cr\u00e9dito consignado sobre a remunera\u00e7\u00e3o"},"content":{"rendered":"<div class=\"image-container\">\n<div class=\"midia-creditos\"><em>Vinicius Loures\/C\u00e2mara dos Deputados<\/em><\/div>\n<div class=\"media-wrapper\"><\/div>\n<div class=\"midia-legenda\">Paulo Fernando \u00e9 o autor do requerimento para a realiza\u00e7\u00e3o da audi\u00eancia<\/div>\n<\/div>\n<p>A Comiss\u00e3o de Administra\u00e7\u00e3o e Servi\u00e7o P\u00fablico da C\u00e2mara dos Deputados vai\u00a0 realizar audi\u00eancia p\u00fablica na segunda-feira (30) para debater os impactos do aumento no percentual da remunera\u00e7\u00e3o que pode ser aplicado na contrata\u00e7\u00e3o de\u00a0 cr\u00e9dito consignado.<\/p>\n<p>O autor do requerimento\u00a0 para a realiza\u00e7\u00e3o da reuni\u00e3o \u00e9 o deputado Professor Paulo Fernando (Republicanos-DF). Ele \u00e9 o relator na comiss\u00e3o do Projeto de Lei 2591\/23, da deputada Maria do Ros\u00e1rio (PT-RS), que aumenta esse percentual para 45% da remunera\u00e7\u00e3o, sendo que pelo menos 5% ser\u00e3o reservados para:<\/p>\n<p>amortiza\u00e7\u00e3o de d\u00edvida com o cart\u00e3o de cr\u00e9dito ou<br \/>\namortiza\u00e7\u00e3o de despesas contra\u00eddas por meio de cart\u00e3o consignado de benef\u00edcio ou para a utiliza\u00e7\u00e3o com a finalidade de saque por meio de cart\u00e3o consignado de benef\u00edcio.<\/p>\n<p>A legisla\u00e7\u00e3o atual\u00a0autoriza o comprometimento de 35% da remunera\u00e7\u00e3o para o pagamento de empr\u00e9stimo de consignado, acrescendo-se mais 5% de margem para a amortiza\u00e7\u00e3o de d\u00edvidas de cart\u00e3o de cr\u00e9dito e mais 5% para a amortiza\u00e7\u00e3o do cart\u00e3o de benef\u00edcio<\/p>\n<p>Confira a<a href=\"https:\/\/www.camara.leg.br\/evento-legislativo\/70485\"> lista de convidados<\/a> para a audi\u00eancia, que est\u00e1 marcada para as 14 horas no plen\u00e1rio 8.<\/p>","protected":false},"excerpt":{"rendered":"<p>Vinicius Loures\/C\u00e2mara dos Deputados Paulo Fernando \u00e9 o autor do requerimento para a realiza\u00e7\u00e3o da audi\u00eancia A Comiss\u00e3o de Administra\u00e7\u00e3o e Servi\u00e7o P\u00fablico da C\u00e2mara dos Deputados vai\u00a0 realizar audi\u00eancia p\u00fablica na segunda-feira (30) para debater os impactos do aumento no percentual da remunera\u00e7\u00e3o que pode ser aplicado na contrata\u00e7\u00e3o de\u00a0 cr\u00e9dito consignado. O autor [&hellip;]<\/p>\n","protected":false},"author":0,"featured_media":0,"comment_status":"open","ping_status":"open","sticky":false,"template":"","format":"standard","meta":{"footnotes":""},"categories":[1],"tags":[],"_links":{"self":[{"href":"https:\/\/jeffersonisac.adv.br\/index.php\/wp-json\/wp\/v2\/posts\/3176"}],"collection":[{"href":"https:\/\/jeffersonisac.adv.br\/index.php\/wp-json\/wp\/v2\/posts"}],"about":[{"href":"https:\/\/jeffersonisac.adv.br\/index.php\/wp-json\/wp\/v2\/types\/post"}],"replies":[{"embeddable":true,"href":"https:\/\/jeffersonisac.adv.br\/index.php\/wp-json\/wp\/v2\/comments?post=3176"}],"version-history":[{"count":0,"href":"https:\/\/jeffersonisac.adv.br\/index.php\/wp-json\/wp\/v2\/posts\/3176\/revisions"}],"wp:attachment":[{"href":"https:\/\/jeffersonisac.adv.br\/index.php\/wp-json\/wp\/v2\/media?parent=3176"}],"wp:term":[{"taxonomy":"category","embeddable":true,"href":"https:\/\/jeffersonisac.adv.br\/index.php\/wp-json\/wp\/v2\/categories?post=3176"},{"taxonomy":"post_tag","embeddable":true,"href":"https:\/\/jeffersonisac.adv.br\/index.php\/wp-json\/wp\/v2\/tags?post=3176"}],"curies":[{"name":"wp","href":"https:\/\/api.w.org\/{rel}","templated":true}]}}