{"id":3179,"date":"2023-10-27T09:50:33","date_gmt":"2023-10-27T12:50:33","guid":{"rendered":"https:\/\/jeffersonisac.adv.br\/index.php\/2023\/10\/27\/seminario-vai-tratar-do-financiamento-de-politicas-de-combate-a-violencia-contra-criancas-e-adolescentes\/"},"modified":"2023-10-27T09:50:33","modified_gmt":"2023-10-27T12:50:33","slug":"seminario-vai-tratar-do-financiamento-de-politicas-de-combate-a-violencia-contra-criancas-e-adolescentes","status":"publish","type":"post","link":"https:\/\/jeffersonisac.adv.br\/index.php\/2023\/10\/27\/seminario-vai-tratar-do-financiamento-de-politicas-de-combate-a-violencia-contra-criancas-e-adolescentes\/","title":{"rendered":"Semin\u00e1rio vai tratar do financiamento de pol\u00edticas de combate \u00e0 viol\u00eancia contra crian\u00e7as e adolescentes"},"content":{"rendered":"<div class=\"image-container\">\n<div class=\"midia-creditos\"><em>Depositphotos<\/em><\/div>\n<div class=\"media-wrapper\"><\/div>\n<div class=\"midia-legenda\">https:\/\/www.camara.leg.br\/internet\/bancoimagem\/banco\/2021\/02\/img20210208095958525.jpg<\/div>\n<\/div>\n<p>A <span class=\"termoGlossario\">Comiss\u00e3o de Legisla\u00e7\u00e3o Participativa<\/span> da C\u00e2mara dos Deputados vai realizar semin\u00e1rio na ter\u00e7a-feira (31) para debater a viol\u00eancia praticada contra crian\u00e7as e adolescentes com foco na perspectiva or\u00e7ament\u00e1ria.<\/p>\n<p>Confira a <a href=\"https:\/\/www.camara.leg.br\/evento-legislativo\/70770\">programa\u00e7\u00e3o do evento<\/a>, marcado para as 13h30, no audit\u00f3rio Freitas Nobre. O evento poder\u00e1 ser acompanhado pelo <a href=\"https:\/\/www.youtube.com\/@CamaradosDeputadosoficial\">canal da C\u00e2mara dos Deputados no YouTube<\/a>.<\/p>\n<p>O requerimento para a realiza\u00e7\u00e3o do semin\u00e1rio foi apresentado pelo deputado Glauber Braga (Psol-RJ) e pela deputada S\u00e2mia Bomfim (Psol-SP). Eles consideram que o or\u00e7amento \u00e9 uma ferramenta &#8220;indispens\u00e1vel&#8221; para a elabora\u00e7\u00e3o e implementa\u00e7\u00e3o de pol\u00edticas p\u00fablicas voltadas \u00e0 prote\u00e7\u00e3o de crian\u00e7as e adolescentes.<\/p>\n<p>No entanto, alertam, nos \u00faltimos seis anos, em m\u00e9dia 5,6% do Or\u00e7amento Geral da Uni\u00e3o foi direcionado para essa faixa et\u00e1ria, apesar de crian\u00e7as e adolescentes representarem cerca de 25% da popula\u00e7\u00e3o.<\/p>\n<p><strong>Estrat\u00e9gia nacional<\/strong><br \/>\n&#8220;A preven\u00e7\u00e3o da viol\u00eancia contra crian\u00e7as e adolescentes deve ser considerada no planejamento do Or\u00e7amento P\u00fablico, mas o Pa\u00eds ainda carece de uma estrat\u00e9gia nacional e intersetorial para essa preven\u00e7\u00e3o&#8221;, afirmam os parlamentares no documento em que pedem o debate.<\/p>\n<p>Braga e S\u00e2mia dizem que, atualmente, a preven\u00e7\u00e3o \u00e9 fragmentada em diversos planos setoriais, &#8220;sem uma coordena\u00e7\u00e3o eficiente, monitoramento integrado ou prioriza\u00e7\u00e3o or\u00e7ament\u00e1ria adequada&#8221;.<\/p>","protected":false},"excerpt":{"rendered":"<p>Depositphotos https:\/\/www.camara.leg.br\/internet\/bancoimagem\/banco\/2021\/02\/img20210208095958525.jpg A Comiss\u00e3o de Legisla\u00e7\u00e3o Participativa da C\u00e2mara dos Deputados vai realizar semin\u00e1rio na ter\u00e7a-feira (31) para debater a viol\u00eancia praticada contra crian\u00e7as e adolescentes com foco na perspectiva or\u00e7ament\u00e1ria. Confira a programa\u00e7\u00e3o do evento, marcado para as 13h30, no audit\u00f3rio Freitas Nobre. O evento poder\u00e1 ser acompanhado pelo canal da C\u00e2mara dos Deputados [&hellip;]<\/p>\n","protected":false},"author":0,"featured_media":0,"comment_status":"open","ping_status":"open","sticky":false,"template":"","format":"standard","meta":{"footnotes":""},"categories":[1],"tags":[],"_links":{"self":[{"href":"https:\/\/jeffersonisac.adv.br\/index.php\/wp-json\/wp\/v2\/posts\/3179"}],"collection":[{"href":"https:\/\/jeffersonisac.adv.br\/index.php\/wp-json\/wp\/v2\/posts"}],"about":[{"href":"https:\/\/jeffersonisac.adv.br\/index.php\/wp-json\/wp\/v2\/types\/post"}],"replies":[{"embeddable":true,"href":"https:\/\/jeffersonisac.adv.br\/index.php\/wp-json\/wp\/v2\/comments?post=3179"}],"version-history":[{"count":0,"href":"https:\/\/jeffersonisac.adv.br\/index.php\/wp-json\/wp\/v2\/posts\/3179\/revisions"}],"wp:attachment":[{"href":"https:\/\/jeffersonisac.adv.br\/index.php\/wp-json\/wp\/v2\/media?parent=3179"}],"wp:term":[{"taxonomy":"category","embeddable":true,"href":"https:\/\/jeffersonisac.adv.br\/index.php\/wp-json\/wp\/v2\/categories?post=3179"},{"taxonomy":"post_tag","embeddable":true,"href":"https:\/\/jeffersonisac.adv.br\/index.php\/wp-json\/wp\/v2\/tags?post=3179"}],"curies":[{"name":"wp","href":"https:\/\/api.w.org\/{rel}","templated":true}]}}