{"id":3188,"date":"2023-10-27T14:06:24","date_gmt":"2023-10-27T17:06:24","guid":{"rendered":"https:\/\/jeffersonisac.adv.br\/index.php\/2023\/10\/27\/comissao-aprova-obrigatoriedade-de-laboratorios-em-escolas-publicas\/"},"modified":"2023-10-27T14:06:24","modified_gmt":"2023-10-27T17:06:24","slug":"comissao-aprova-obrigatoriedade-de-laboratorios-em-escolas-publicas","status":"publish","type":"post","link":"https:\/\/jeffersonisac.adv.br\/index.php\/2023\/10\/27\/comissao-aprova-obrigatoriedade-de-laboratorios-em-escolas-publicas\/","title":{"rendered":"Comiss\u00e3o aprova obrigatoriedade de laborat\u00f3rios em escolas p\u00fablicas"},"content":{"rendered":"<div class=\"image-container\">\n<div class=\"midia-creditos\"><em>Vinicius Loures\/C\u00e2mara dos Deputados<\/em><\/div>\n<div class=\"media-wrapper\"><\/div>\n<div class=\"midia-legenda\">A relatora, deputada Rog\u00e9ria Santos, recomendou a aprova\u00e7\u00e3o da proposta<\/div>\n<\/div>\n<p><span>A Comiss\u00e3o de Educa\u00e7\u00e3o da C\u00e2mara dos Deputados aprovou o <a class=\"linkProposicao\" href=\"https:\/\/www.camara.leg.br\/noticias\/634822-projeto-torna-laboratorios-obrigatorios-em-escolas-publicas-do-brasil\">Projeto de Lei 6356\/19<\/a>, que obriga o governo (em todos os n\u00edveis) a instalar laborat\u00f3rios de ci\u00eancias, de matem\u00e1tica e de inform\u00e1tica nas escolas p\u00fablicas de ensino fundamental e m\u00e9dio. <\/span><\/p>\n<p><span>A proposta, do deputado<\/span><span> Charles Fernandes (PSD-BA)<\/span><span>, acrescenta a medida \u00e0<\/span><a href=\"https:\/\/www2.camara.leg.br\/legin\/fed\/lei\/1996\/lei-9394-20-dezembro-1996-362578-norma-pl.html\"><span> Lei de Diretrizes e Bases da Educa\u00e7\u00e3o Nacional (LDB)<\/span><\/a><span> e tramita na C\u00e2mara dos Deputados.<\/span><\/p>\n<p><span>Com o projeto, Fernandes espera despertar nos alunos o interesse por disciplinas que muitas vezes s\u00e3o abstratas. <\/span><\/p>\n<p><span><strong>Planejamento<\/strong><br \/>\nPelo texto, a Uni\u00e3o, os estados e os munic\u00edpios estudar\u00e3o os investimentos necess\u00e1rios e as etapas a serem seguidas para a montagem dos laborat\u00f3rios, com o envolvimento da comunidade escolar. <\/span><\/p>\n<p><span>A a\u00e7\u00e3o ficar\u00e1 condicionada \u00e0 forma\u00e7\u00e3o continuada de professores em ci\u00eancias, matem\u00e1tica e inform\u00e1tica.<\/span><\/p>\n<p><span><strong>Parecer favor\u00e1vel<\/strong><br \/>\nA comiss\u00e3o aprovou o parecer da relatora, deputada Rog\u00e9ria Santos (Republicanos-BA), favor\u00e1vel ao projeto. Ela avalia que a medida contribui para a moderniza\u00e7\u00e3o do processo educativo.<\/span><\/p>\n<p><span>Rog\u00e9ria ressalta que a instala\u00e7\u00e3o de laborat\u00f3rios nas escolas j\u00e1 est\u00e1 prevista no Plano Nacional de Educa\u00e7\u00e3o (<a class=\"linkLegislacao\" href=\"https:\/\/www2.camara.gov.br\/legin\/fed\/lei\/2014\/lei-13005-25-junho-2014-778970-norma-pl.html\">Lei 13.005\/14<\/a>). Ela lembra, no entanto, que a vig\u00eancia do plano encerra-se <\/span><span>em 2024. &#8220;[E] a maior parte das 20 metas n\u00e3o foram alcan\u00e7adas, e mesmo as que foram apontam para uma realidade de estagna\u00e7\u00e3o\u201d, lamentou.\u00a0<\/span><\/p>\n<p><strong>Tramita\u00e7\u00e3o<\/strong><span><br \/>\n<\/span><span> O projeto tramita em <span class=\"termoGlossario\">car\u00e1ter conclusivo<\/span> e ser\u00e1 analisado pelas comiss\u00f5es de Finan\u00e7as e Tributa\u00e7\u00e3o; e de Constitui\u00e7\u00e3o e Justi\u00e7a e de Cidadania.<\/span><\/p>\n<p><a href=\"https:\/\/www.camara.leg.br\/noticias\/573454-SAIBA-MAIS-SOBRE-A-TRAMITACAO-DE-PROJETOS-DE-LEI\">Saiba mais sobre a tramita\u00e7\u00e3o de projetos de lei<\/a><\/p>","protected":false},"excerpt":{"rendered":"<p>Vinicius Loures\/C\u00e2mara dos Deputados A relatora, deputada Rog\u00e9ria Santos, recomendou a aprova\u00e7\u00e3o da proposta A Comiss\u00e3o de Educa\u00e7\u00e3o da C\u00e2mara dos Deputados aprovou o Projeto de Lei 6356\/19, que obriga o governo (em todos os n\u00edveis) a instalar laborat\u00f3rios de ci\u00eancias, de matem\u00e1tica e de inform\u00e1tica nas escolas p\u00fablicas de ensino fundamental e m\u00e9dio. A [&hellip;]<\/p>\n","protected":false},"author":0,"featured_media":0,"comment_status":"open","ping_status":"open","sticky":false,"template":"","format":"standard","meta":{"footnotes":""},"categories":[1],"tags":[],"_links":{"self":[{"href":"https:\/\/jeffersonisac.adv.br\/index.php\/wp-json\/wp\/v2\/posts\/3188"}],"collection":[{"href":"https:\/\/jeffersonisac.adv.br\/index.php\/wp-json\/wp\/v2\/posts"}],"about":[{"href":"https:\/\/jeffersonisac.adv.br\/index.php\/wp-json\/wp\/v2\/types\/post"}],"replies":[{"embeddable":true,"href":"https:\/\/jeffersonisac.adv.br\/index.php\/wp-json\/wp\/v2\/comments?post=3188"}],"version-history":[{"count":0,"href":"https:\/\/jeffersonisac.adv.br\/index.php\/wp-json\/wp\/v2\/posts\/3188\/revisions"}],"wp:attachment":[{"href":"https:\/\/jeffersonisac.adv.br\/index.php\/wp-json\/wp\/v2\/media?parent=3188"}],"wp:term":[{"taxonomy":"category","embeddable":true,"href":"https:\/\/jeffersonisac.adv.br\/index.php\/wp-json\/wp\/v2\/categories?post=3188"},{"taxonomy":"post_tag","embeddable":true,"href":"https:\/\/jeffersonisac.adv.br\/index.php\/wp-json\/wp\/v2\/tags?post=3188"}],"curies":[{"name":"wp","href":"https:\/\/api.w.org\/{rel}","templated":true}]}}