{"id":3192,"date":"2023-10-27T14:06:24","date_gmt":"2023-10-27T17:06:24","guid":{"rendered":"https:\/\/jeffersonisac.adv.br\/index.php\/2023\/10\/27\/comissao-aprova-permissao-de-parcelamento-de-ferias-de-medico-residente\/"},"modified":"2023-10-27T14:06:24","modified_gmt":"2023-10-27T17:06:24","slug":"comissao-aprova-permissao-de-parcelamento-de-ferias-de-medico-residente","status":"publish","type":"post","link":"https:\/\/jeffersonisac.adv.br\/index.php\/2023\/10\/27\/comissao-aprova-permissao-de-parcelamento-de-ferias-de-medico-residente\/","title":{"rendered":"Comiss\u00e3o aprova permiss\u00e3o de parcelamento de f\u00e9rias de m\u00e9dico residente"},"content":{"rendered":"<div class=\"image-container\">\n<div class=\"midia-creditos\"><em>Zeca Ribeiro \/ C\u00e2mara dos Deputados<\/em><\/div>\n<div class=\"media-wrapper\"><\/div>\n<div class=\"midia-legenda\">Luiz Lima recomendou a aprova\u00e7\u00e3o do projeto<\/div>\n<\/div>\n<p><span>A Comiss\u00e3o de Sa\u00fade da C\u00e2mara dos Deputados aprovou projeto de lei que permite ao m\u00e9dico residente dividir os 30 dias de f\u00e9rias anuais em per\u00edodos de dez dias, no m\u00ednimo.\u00a0\u00a0<\/span><\/p>\n<p><span>O <a class=\"linkProposicao\" href=\"https:\/\/www.camara.leg.br\/noticias\/893697-projeto-autoriza-medicos-residentes-a-parcelarem-ferias\">Projeto de Lei 1732\/22<\/a>, da ex-deputada Dra. Soraya Manato (ES), altera a<\/span><a href=\"https:\/\/www2.camara.gov.br\/legin\/fed\/lei\/1980-1987\/lei-6932-7-julho-1981-357276-norma-pl.html\"><span> Lei da Resid\u00eancia M\u00e9dica<\/span><\/a><span>. A resid\u00eancia m\u00e9dica \u00e9 uma modalidade de ensino de p\u00f3s-gradua\u00e7\u00e3o destinada a m\u00e9dicos.\u00a0<\/span><\/p>\n<p><span>O parecer do relator, deputado Luiz Lima (PL-RJ), foi favor\u00e1vel ao texto. \u201cTrata-se de medida justa e que efetivamente trar\u00e1 melhora relevante \u00e0s condi\u00e7\u00f5es de trabalho e estudo desses profissionais, hoje t\u00e3o inequivocamente sobrecarregados\u201d, disse. <\/span><\/p>\n<p><span>\u201cOs residentes poder\u00e3o planejar melhor seus per\u00edodos de descanso, at\u00e9 mesmo para assegurar melhor aproveitamento do tempo de forma\u00e7\u00e3o e treinamento\u201d, acrescentou.\u00a0<\/span><\/p>\n<p><strong>Tramita\u00e7\u00e3o<br \/>\n<\/strong><span>O projeto ainda ser\u00e1 analisado em <span class=\"termoGlossario\">car\u00e1ter conclusivo<\/span> pela Comiss\u00e3o de Constitui\u00e7\u00e3o e Justi\u00e7a e de Cidadania.<\/span><\/p>\n<p><a href=\"https:\/\/www.camara.leg.br\/noticias\/573454-SAIBA-MAIS-SOBRE-A-TRAMITACAO-DE-PROJETOS-DE-LEI\">Saiba mais sobre a tramita\u00e7\u00e3o de projetos de lei<\/a><\/p>","protected":false},"excerpt":{"rendered":"<p>Zeca Ribeiro \/ C\u00e2mara dos Deputados Luiz Lima recomendou a aprova\u00e7\u00e3o do projeto A Comiss\u00e3o de Sa\u00fade da C\u00e2mara dos Deputados aprovou projeto de lei que permite ao m\u00e9dico residente dividir os 30 dias de f\u00e9rias anuais em per\u00edodos de dez dias, no m\u00ednimo.\u00a0\u00a0 O Projeto de Lei 1732\/22, da ex-deputada Dra. Soraya Manato (ES), [&hellip;]<\/p>\n","protected":false},"author":0,"featured_media":0,"comment_status":"open","ping_status":"open","sticky":false,"template":"","format":"standard","meta":{"footnotes":""},"categories":[1],"tags":[],"_links":{"self":[{"href":"https:\/\/jeffersonisac.adv.br\/index.php\/wp-json\/wp\/v2\/posts\/3192"}],"collection":[{"href":"https:\/\/jeffersonisac.adv.br\/index.php\/wp-json\/wp\/v2\/posts"}],"about":[{"href":"https:\/\/jeffersonisac.adv.br\/index.php\/wp-json\/wp\/v2\/types\/post"}],"replies":[{"embeddable":true,"href":"https:\/\/jeffersonisac.adv.br\/index.php\/wp-json\/wp\/v2\/comments?post=3192"}],"version-history":[{"count":0,"href":"https:\/\/jeffersonisac.adv.br\/index.php\/wp-json\/wp\/v2\/posts\/3192\/revisions"}],"wp:attachment":[{"href":"https:\/\/jeffersonisac.adv.br\/index.php\/wp-json\/wp\/v2\/media?parent=3192"}],"wp:term":[{"taxonomy":"category","embeddable":true,"href":"https:\/\/jeffersonisac.adv.br\/index.php\/wp-json\/wp\/v2\/categories?post=3192"},{"taxonomy":"post_tag","embeddable":true,"href":"https:\/\/jeffersonisac.adv.br\/index.php\/wp-json\/wp\/v2\/tags?post=3192"}],"curies":[{"name":"wp","href":"https:\/\/api.w.org\/{rel}","templated":true}]}}