{"id":3193,"date":"2023-10-27T16:30:32","date_gmt":"2023-10-27T19:30:32","guid":{"rendered":"https:\/\/jeffersonisac.adv.br\/index.php\/2023\/10\/27\/comissao-aprova-autorizacao-para-inclusao-da-equoterapia-no-sus\/"},"modified":"2023-10-27T16:30:32","modified_gmt":"2023-10-27T19:30:32","slug":"comissao-aprova-autorizacao-para-inclusao-da-equoterapia-no-sus","status":"publish","type":"post","link":"https:\/\/jeffersonisac.adv.br\/index.php\/2023\/10\/27\/comissao-aprova-autorizacao-para-inclusao-da-equoterapia-no-sus\/","title":{"rendered":"Comiss\u00e3o aprova autoriza\u00e7\u00e3o para inclus\u00e3o da equoterapia no SUS"},"content":{"rendered":"<div class=\"image-container\">\n<div class=\"midia-creditos\"><em>Marina Ramos\/C\u00e2mara dos Deputados<\/em><\/div>\n<div class=\"media-wrapper\"><\/div>\n<div class=\"midia-legenda\">Pompeo de Mattos, relator do projeto de lei<\/div>\n<\/div>\n<p>A Comiss\u00e3o de Sa\u00fade da C\u00e2mara dos Deputados aprovou projeto de lei que autoriza o Minist\u00e9rio da Sa\u00fade a expedir instru\u00e7\u00f5es para a inclus\u00e3o da equoterapia na Pol\u00edtica Nacional de Pr\u00e1ticas Integrativas e Complementares (PNPIC).<\/p>\n<p>Conforme a proposta, os entes federativos podem firmar ajustes com entidades p\u00fablicas ou privadas para presta\u00e7\u00e3o dos servi\u00e7os de equoterapia no tratamento da pessoa com defici\u00eancia, mediante contrato, conv\u00eanio, termo de fomento, termo de coopera\u00e7\u00e3o, ou outro instrumento cong\u00eane.<\/p>\n<p>O texto aprovado foi o substitutivo do relator, deputado Pompeo de Mattos (PDT-RS), ao <a class=\"linkProposicao\" href=\"https:\/\/www.camara.leg.br\/noticias\/563732-projeto-obriga-o-sus-a-oferecer-equoterapia-a-pacientes\">Projeto de Lei 3446\/19<\/a>, deputado Andr\u00e9 Ferreira (PL-PE). O projeto original determina a oferta de equoterapia pelo Sistema \u00danico de Sa\u00fade (SUS) sempre que houver prescri\u00e7\u00e3o m\u00e9dica em conformidade com protocolos cl\u00ednicos e diretrizes terap\u00eauticas publicadas pelo Minist\u00e9rio da Sa\u00fade.<\/p>\n<p>O relator retirou a obrigatoriedade. \u201cApesar de avan\u00e7os pontuais, como a oferta de equoterapia em alguns institutos federais de Educa\u00e7\u00e3o ou por meio da parceria entre o governo do Distrito Federal e a Pol\u00edcia Militar, a administra\u00e7\u00e3o p\u00fablica tem falhado em garantir o acesso necess\u00e1rio a essa modalidade de tratamento\u201d, disse.<\/p>\n<p><strong>Benef\u00edcios<\/strong><br \/>\nDe acordo com o autor do projeto, pesquisas cient\u00edficas j\u00e1 atestaram os benef\u00edcios da equoterapia em situa\u00e7\u00f5es em que h\u00e1 comprometimento neurol\u00f3gico e motor associados, como na mielomeningocele (malforma\u00e7\u00e3o cong\u00eanita da coluna vertebral), na s\u00edndrome de Down, em sequelas de acidente vascular cerebral e em altera\u00e7\u00f5es motoras em idosos ou em beb\u00eas prematuros.<\/p>\n<p>Al\u00e9m disso, Andr\u00e9 Ferreira ressalta que o Conselho Federal de Fisioterapia e Terapia Ocupacional reconhece a equoterapia como recurso terap\u00eautico, de car\u00e1ter transdisciplinar, inserida no campo das pr\u00e1ticas integrativas e complementares (Resolu\u00e7\u00e3o 348\/08).<\/p>\n<p>Atualmente, a PNPIC prev\u00ea a oferta de acupuntura, homeopatia e fitoterapia, aromaterapia, apiterapia (abelhas), osteopatia, naturopatia e musicoterapia, entre outras.<\/p>\n<p><strong>Tramita\u00e7\u00e3o<\/strong><br \/>\nO projeto ainda ser\u00e1 analisado, em <span><span class=\"termoGlossario\">car\u00e1ter conclusivo<\/span> pela Comiss\u00e3o de Constitui\u00e7\u00e3o e Justi\u00e7a e de Cidadania (CCJ).<\/span><\/p>\n<p><a href=\"https:\/\/www.camara.leg.br\/noticias\/573454-SAIBA-MAIS-SOBRE-A-TRAMITACAO-DE-PROJETOS-DE-LEI\">Saiba mais sobre a tramita\u00e7\u00e3o de projetos de lei<\/a><\/p>","protected":false},"excerpt":{"rendered":"<p>Marina Ramos\/C\u00e2mara dos Deputados Pompeo de Mattos, relator do projeto de lei A Comiss\u00e3o de Sa\u00fade da C\u00e2mara dos Deputados aprovou projeto de lei que autoriza o Minist\u00e9rio da Sa\u00fade a expedir instru\u00e7\u00f5es para a inclus\u00e3o da equoterapia na Pol\u00edtica Nacional de Pr\u00e1ticas Integrativas e Complementares (PNPIC). Conforme a proposta, os entes federativos podem firmar [&hellip;]<\/p>\n","protected":false},"author":0,"featured_media":0,"comment_status":"open","ping_status":"open","sticky":false,"template":"","format":"standard","meta":{"footnotes":""},"categories":[1],"tags":[],"_links":{"self":[{"href":"https:\/\/jeffersonisac.adv.br\/index.php\/wp-json\/wp\/v2\/posts\/3193"}],"collection":[{"href":"https:\/\/jeffersonisac.adv.br\/index.php\/wp-json\/wp\/v2\/posts"}],"about":[{"href":"https:\/\/jeffersonisac.adv.br\/index.php\/wp-json\/wp\/v2\/types\/post"}],"replies":[{"embeddable":true,"href":"https:\/\/jeffersonisac.adv.br\/index.php\/wp-json\/wp\/v2\/comments?post=3193"}],"version-history":[{"count":0,"href":"https:\/\/jeffersonisac.adv.br\/index.php\/wp-json\/wp\/v2\/posts\/3193\/revisions"}],"wp:attachment":[{"href":"https:\/\/jeffersonisac.adv.br\/index.php\/wp-json\/wp\/v2\/media?parent=3193"}],"wp:term":[{"taxonomy":"category","embeddable":true,"href":"https:\/\/jeffersonisac.adv.br\/index.php\/wp-json\/wp\/v2\/categories?post=3193"},{"taxonomy":"post_tag","embeddable":true,"href":"https:\/\/jeffersonisac.adv.br\/index.php\/wp-json\/wp\/v2\/tags?post=3193"}],"curies":[{"name":"wp","href":"https:\/\/api.w.org\/{rel}","templated":true}]}}