{"id":3200,"date":"2023-10-30T08:25:25","date_gmt":"2023-10-30T11:25:25","guid":{"rendered":"https:\/\/jeffersonisac.adv.br\/index.php\/2023\/10\/30\/comissao-vai-debater-projeto-que-altera-regras-sobre-credito-consignado\/"},"modified":"2023-10-30T08:25:25","modified_gmt":"2023-10-30T11:25:25","slug":"comissao-vai-debater-projeto-que-altera-regras-sobre-credito-consignado","status":"publish","type":"post","link":"https:\/\/jeffersonisac.adv.br\/index.php\/2023\/10\/30\/comissao-vai-debater-projeto-que-altera-regras-sobre-credito-consignado\/","title":{"rendered":"Comiss\u00e3o vai debater projeto que altera regras sobre cr\u00e9dito consignado"},"content":{"rendered":"<div class=\"image-container\">\n<div class=\"midia-creditos\"><em>Vinicius Loures\/C\u00e2mara dos Deputados<\/em><\/div>\n<div class=\"media-wrapper\"><\/div>\n<div class=\"midia-legenda\">Paulo Fernando \u00e9 o autor do requerimento para a realiza\u00e7\u00e3o da audi\u00eancia<\/div>\n<\/div>\n<p>A Comiss\u00e3o de Administra\u00e7\u00e3o e Servi\u00e7o P\u00fablico da C\u00e2mara dos Deputados vai\u00a0 realizar audi\u00eancia p\u00fablica nesta segunda-feira (30) para debater projeto que altera regras sobre o percentual da remunera\u00e7\u00e3o que pode ser aplicado na contrata\u00e7\u00e3o de cr\u00e9dito consignado (PL 2591\/23).<\/p>\n<p>A <a href=\"https:\/\/www2.camara.leg.br\/legin\/fed\/lei\/2022\/lei-14509-27-dezembro-2022-793575-norma-pl.html\" target=\"_blank\" rel=\"noopener\">legisla\u00e7\u00e3o atual<\/a> autoriza o comprometimento com consigna\u00e7\u00f5es de at\u00e9 45% da remunera\u00e7\u00e3o mensal, sendo que 5% reservados exclusivamente para a amortiza\u00e7\u00e3o de d\u00edvidas de cart\u00e3o de cr\u00e9dito e mais 5% para a amortiza\u00e7\u00e3o do cart\u00e3o de benef\u00edcio.<\/p>\n<p>O autor do requerimento para a realiza\u00e7\u00e3o da reuni\u00e3o \u00e9 o deputado Professor Paulo Fernando (Republicanos-DF). Ele \u00e9 o relator do Projeto de Lei 2591\/23, da deputada Maria do Ros\u00e1rio (PT-RS), que torna facultativa a reserva dos percentuais de 5% atualmente em vigor.<\/p>\n<p>Confira a<a href=\"https:\/\/www.camara.leg.br\/evento-legislativo\/70485\"> lista de convidados<\/a> para a audi\u00eancia, que est\u00e1 marcada para as 14 horas no plen\u00e1rio 8.<\/p>","protected":false},"excerpt":{"rendered":"<p>Vinicius Loures\/C\u00e2mara dos Deputados Paulo Fernando \u00e9 o autor do requerimento para a realiza\u00e7\u00e3o da audi\u00eancia A Comiss\u00e3o de Administra\u00e7\u00e3o e Servi\u00e7o P\u00fablico da C\u00e2mara dos Deputados vai\u00a0 realizar audi\u00eancia p\u00fablica nesta segunda-feira (30) para debater projeto que altera regras sobre o percentual da remunera\u00e7\u00e3o que pode ser aplicado na contrata\u00e7\u00e3o de cr\u00e9dito consignado (PL [&hellip;]<\/p>\n","protected":false},"author":0,"featured_media":0,"comment_status":"open","ping_status":"open","sticky":false,"template":"","format":"standard","meta":{"footnotes":""},"categories":[1],"tags":[],"_links":{"self":[{"href":"https:\/\/jeffersonisac.adv.br\/index.php\/wp-json\/wp\/v2\/posts\/3200"}],"collection":[{"href":"https:\/\/jeffersonisac.adv.br\/index.php\/wp-json\/wp\/v2\/posts"}],"about":[{"href":"https:\/\/jeffersonisac.adv.br\/index.php\/wp-json\/wp\/v2\/types\/post"}],"replies":[{"embeddable":true,"href":"https:\/\/jeffersonisac.adv.br\/index.php\/wp-json\/wp\/v2\/comments?post=3200"}],"version-history":[{"count":0,"href":"https:\/\/jeffersonisac.adv.br\/index.php\/wp-json\/wp\/v2\/posts\/3200\/revisions"}],"wp:attachment":[{"href":"https:\/\/jeffersonisac.adv.br\/index.php\/wp-json\/wp\/v2\/media?parent=3200"}],"wp:term":[{"taxonomy":"category","embeddable":true,"href":"https:\/\/jeffersonisac.adv.br\/index.php\/wp-json\/wp\/v2\/categories?post=3200"},{"taxonomy":"post_tag","embeddable":true,"href":"https:\/\/jeffersonisac.adv.br\/index.php\/wp-json\/wp\/v2\/tags?post=3200"}],"curies":[{"name":"wp","href":"https:\/\/api.w.org\/{rel}","templated":true}]}}