{"id":3201,"date":"2023-10-30T09:25:24","date_gmt":"2023-10-30T12:25:24","guid":{"rendered":"https:\/\/jeffersonisac.adv.br\/index.php\/2023\/10\/30\/conselho-de-etica-vota-processos-por-quebra-de-decoro-contra-dois-deputados\/"},"modified":"2023-10-30T09:25:24","modified_gmt":"2023-10-30T12:25:24","slug":"conselho-de-etica-vota-processos-por-quebra-de-decoro-contra-dois-deputados","status":"publish","type":"post","link":"https:\/\/jeffersonisac.adv.br\/index.php\/2023\/10\/30\/conselho-de-etica-vota-processos-por-quebra-de-decoro-contra-dois-deputados\/","title":{"rendered":"Conselho de \u00c9tica vota processos por quebra de decoro contra dois deputados"},"content":{"rendered":"<div class=\"image-container\">\n<div class=\"midia-creditos\"><em>Renato Ara\u00fajo\/C\u00e2mara dos Deputados<\/em><\/div>\n<div class=\"media-wrapper\"><\/div>\n<div class=\"midia-legenda\">Conselho de \u00c9tica reunido na semana passada<\/div>\n<\/div>\n<p>O <span class=\"termoGlossario\">Conselho de \u00c9tica e Decoro Parlamentar<\/span> da C\u00e2mara dos Deputados re\u00fane-se nesta ter\u00e7a-feira (31), \u00e0s 14 horas, no plen\u00e1rio 11, para analisar dois pareceres preliminares sobre acusa\u00e7\u00f5es de quebra de <span class=\"termoGlossario\">decoro<\/span>:<\/p>\n<p>Parecer do deputado Paulo Magalh\u00e3es (PSD-BA) \u00e0 <a href=\"https:\/\/www.camara.leg.br\/proposicoesWeb\/prop_mostrarintegra?codteor=2286088&amp;filename=REP%209\/2023\">Representa\u00e7\u00e3o 9\/23<\/a>, apresentada pelo PL contra a deputada C\u00e9lia Xakriab\u00e1 (Psol-MG).<\/p>\n<p>O partido pede que a deputada seja punida por ter ofendido deputados que votaram a favor do projeto do marco temporal de terras ind\u00edgenas (<a href=\"https:\/\/www.camara.leg.br\/noticias\/967344-CAMARA-APROVA-PROJETO-DO-MARCO-TEMPORAL-PARA-DEMARCACAO-DAS-TERRAS-INDIGENAS\">PL 490\/07<\/a>), no Plen\u00e1rio da C\u00e2mara, no fim de maio.<\/p>\n<p>Magalh\u00e3es ainda n\u00e3o divulgou seu parecer.<\/p>\n<p>Parecer do deputado Gutemberg Reis (MDB-RJ) \u00e0 <a href=\"https:\/\/www.camara.leg.br\/proposicoesWeb\/prop_mostrarintegra?codteor=2307141&amp;filename=REP%2019\/2023\">Representa\u00e7\u00e3o 19\/23<\/a>, apresentada pelo PT contra o deputado Andr\u00e9 Fernandes (PL-CE) por supostas falas discriminat\u00f3rias durante a vota\u00e7\u00e3o da reforma tribut\u00e1ria.<\/p>\n<p>Gutemberg Reis tamb\u00e9m n\u00e3o divulgou seu parecer.<\/p>\n<p><a href=\"https:\/\/www.camara.leg.br\/evento-legislativo\/70758\">Confira a pauta completa<\/a><\/p>","protected":false},"excerpt":{"rendered":"<p>Renato Ara\u00fajo\/C\u00e2mara dos Deputados Conselho de \u00c9tica reunido na semana passada O Conselho de \u00c9tica e Decoro Parlamentar da C\u00e2mara dos Deputados re\u00fane-se nesta ter\u00e7a-feira (31), \u00e0s 14 horas, no plen\u00e1rio 11, para analisar dois pareceres preliminares sobre acusa\u00e7\u00f5es de quebra de decoro: Parecer do deputado Paulo Magalh\u00e3es (PSD-BA) \u00e0 Representa\u00e7\u00e3o 9\/23, apresentada pelo PL [&hellip;]<\/p>\n","protected":false},"author":0,"featured_media":0,"comment_status":"open","ping_status":"open","sticky":false,"template":"","format":"standard","meta":{"footnotes":""},"categories":[1],"tags":[],"_links":{"self":[{"href":"https:\/\/jeffersonisac.adv.br\/index.php\/wp-json\/wp\/v2\/posts\/3201"}],"collection":[{"href":"https:\/\/jeffersonisac.adv.br\/index.php\/wp-json\/wp\/v2\/posts"}],"about":[{"href":"https:\/\/jeffersonisac.adv.br\/index.php\/wp-json\/wp\/v2\/types\/post"}],"replies":[{"embeddable":true,"href":"https:\/\/jeffersonisac.adv.br\/index.php\/wp-json\/wp\/v2\/comments?post=3201"}],"version-history":[{"count":0,"href":"https:\/\/jeffersonisac.adv.br\/index.php\/wp-json\/wp\/v2\/posts\/3201\/revisions"}],"wp:attachment":[{"href":"https:\/\/jeffersonisac.adv.br\/index.php\/wp-json\/wp\/v2\/media?parent=3201"}],"wp:term":[{"taxonomy":"category","embeddable":true,"href":"https:\/\/jeffersonisac.adv.br\/index.php\/wp-json\/wp\/v2\/categories?post=3201"},{"taxonomy":"post_tag","embeddable":true,"href":"https:\/\/jeffersonisac.adv.br\/index.php\/wp-json\/wp\/v2\/tags?post=3201"}],"curies":[{"name":"wp","href":"https:\/\/api.w.org\/{rel}","templated":true}]}}