{"id":3212,"date":"2023-10-30T13:27:48","date_gmt":"2023-10-30T16:27:48","guid":{"rendered":"https:\/\/jeffersonisac.adv.br\/index.php\/2023\/10\/30\/comissao-aprova-projeto-que-mantem-bolsas-de-estudo-durante-suspensao-de-aulas-em-caso-de-pandemia\/"},"modified":"2023-10-30T13:27:48","modified_gmt":"2023-10-30T16:27:48","slug":"comissao-aprova-projeto-que-mantem-bolsas-de-estudo-durante-suspensao-de-aulas-em-caso-de-pandemia","status":"publish","type":"post","link":"https:\/\/jeffersonisac.adv.br\/index.php\/2023\/10\/30\/comissao-aprova-projeto-que-mantem-bolsas-de-estudo-durante-suspensao-de-aulas-em-caso-de-pandemia\/","title":{"rendered":"Comiss\u00e3o aprova projeto que mant\u00e9m bolsas de estudo durante suspens\u00e3o de aulas em caso de pandemia"},"content":{"rendered":"<div class=\"image-container\">\n<div class=\"midia-creditos\"><em>Pablo Valadares\/C\u00e2mara dos Deputados<\/em><\/div>\n<div class=\"media-wrapper\"><\/div>\n<div class=\"midia-legenda\">Reginaldo Veras recomendou a aprova\u00e7\u00e3o do projeto com pequenos ajustes<\/div>\n<\/div>\n<p>A Comiss\u00e3o de Educa\u00e7\u00e3o da C\u00e2mara dos Deputados aprovou projeto de lei que garante o pagamento de bolsas e aux\u00edlios a estudantes de institui\u00e7\u00f5es federais de educa\u00e7\u00e3o superior, em caso de decreta\u00e7\u00e3o de calamidade ou emerg\u00eancia de sa\u00fade p\u00fablica.<\/p>\n<p>O texto aprovado foi o <span class=\"termoGlossario\">substitutivo<\/span> do deputado Professor Reginaldo Veras (PV-DF) que modifica o <a class=\"linkProposicao\" href=\"https:\/\/www.camara.leg.br\/noticias\/655387-projeto-mantem-bolsas-e-auxilios-a-estudantes-de-ensino-superior-durante-suspensao-das-aulas\">Projeto de Lei 1456\/20<\/a>, do deputado Jos\u00e9 Guimar\u00e3es (PT-CE). O texto original foi apresentado durante a pandemia de Covi-19, por isso o relator fez alguns ajustes de reda\u00e7\u00e3o.<\/p>\n<p>Reginaldo Veras tamb\u00e9m excluiu o artigo que proibia aulas a dist\u00e2ncia, \u201cprincipalmente nos casos em que os cursos requeiram aulas pr\u00e1ticas&#8221;.<\/p>\n<p>O parlamentar acredita que, sem o incentivo \u00e0 perman\u00eancia dos estudantes de baixa renda no ensino superior, &#8220;a evas\u00e3o aumentar\u00e1 e o desperd\u00edcio de recursos p\u00fablicos ser\u00e1 significativamente majorado&#8221;.<\/p>\n<p><strong>Tramita\u00e7\u00e3o<\/strong><br \/>\nA proposta ainda ser\u00e1 analisada em <span class=\"termoGlossario\">car\u00e1ter conclusivo<\/span> pelas comiss\u00f5es de Finan\u00e7as e Tributa\u00e7\u00e3o; e de Constitui\u00e7\u00e3o e Justi\u00e7a e de Cidadania.<\/p>\n<p><a href=\"https:\/\/www.camara.leg.br\/noticias\/573454-SAIBA-MAIS-SOBRE-A-TRAMITACAO-DE-PROJETOS-DE-LEI\">Saiba mais sobre a tramita\u00e7\u00e3o de projetos de lei<\/a><\/p>","protected":false},"excerpt":{"rendered":"<p>Pablo Valadares\/C\u00e2mara dos Deputados Reginaldo Veras recomendou a aprova\u00e7\u00e3o do projeto com pequenos ajustes A Comiss\u00e3o de Educa\u00e7\u00e3o da C\u00e2mara dos Deputados aprovou projeto de lei que garante o pagamento de bolsas e aux\u00edlios a estudantes de institui\u00e7\u00f5es federais de educa\u00e7\u00e3o superior, em caso de decreta\u00e7\u00e3o de calamidade ou emerg\u00eancia de sa\u00fade p\u00fablica. O texto [&hellip;]<\/p>\n","protected":false},"author":0,"featured_media":0,"comment_status":"open","ping_status":"open","sticky":false,"template":"","format":"standard","meta":{"footnotes":""},"categories":[1],"tags":[],"_links":{"self":[{"href":"https:\/\/jeffersonisac.adv.br\/index.php\/wp-json\/wp\/v2\/posts\/3212"}],"collection":[{"href":"https:\/\/jeffersonisac.adv.br\/index.php\/wp-json\/wp\/v2\/posts"}],"about":[{"href":"https:\/\/jeffersonisac.adv.br\/index.php\/wp-json\/wp\/v2\/types\/post"}],"replies":[{"embeddable":true,"href":"https:\/\/jeffersonisac.adv.br\/index.php\/wp-json\/wp\/v2\/comments?post=3212"}],"version-history":[{"count":0,"href":"https:\/\/jeffersonisac.adv.br\/index.php\/wp-json\/wp\/v2\/posts\/3212\/revisions"}],"wp:attachment":[{"href":"https:\/\/jeffersonisac.adv.br\/index.php\/wp-json\/wp\/v2\/media?parent=3212"}],"wp:term":[{"taxonomy":"category","embeddable":true,"href":"https:\/\/jeffersonisac.adv.br\/index.php\/wp-json\/wp\/v2\/categories?post=3212"},{"taxonomy":"post_tag","embeddable":true,"href":"https:\/\/jeffersonisac.adv.br\/index.php\/wp-json\/wp\/v2\/tags?post=3212"}],"curies":[{"name":"wp","href":"https:\/\/api.w.org\/{rel}","templated":true}]}}