{"id":3223,"date":"2023-10-30T21:04:13","date_gmt":"2023-10-31T00:04:13","guid":{"rendered":"https:\/\/jeffersonisac.adv.br\/index.php\/2023\/10\/30\/deputados-analisam-pedidos-de-urgencia-para-projetos-de-lei-acompanhe\/"},"modified":"2023-10-30T21:04:13","modified_gmt":"2023-10-31T00:04:13","slug":"deputados-analisam-pedidos-de-urgencia-para-projetos-de-lei-acompanhe","status":"publish","type":"post","link":"https:\/\/jeffersonisac.adv.br\/index.php\/2023\/10\/30\/deputados-analisam-pedidos-de-urgencia-para-projetos-de-lei-acompanhe\/","title":{"rendered":"Deputados analisam pedidos de urg\u00eancia para projetos de lei; acompanhe"},"content":{"rendered":"<div class=\"image-container\">\n<div class=\"midia-creditos\"><em>Zeca Ribeiro\/C\u00e2mara dos Deputados<\/em><\/div>\n<div class=\"media-wrapper\"><\/div>\n<div class=\"midia-legenda\">Benedita da Silva preside a sess\u00e3o do Plen\u00e1rio desta segunda-feira<\/div>\n<\/div>\n<p>A C\u00e2mara dos Deputados come\u00e7ou a <span class=\"termoGlossario\">Ordem do Dia<\/span> da sess\u00e3o deliberativa do Plen\u00e1rio e analisa agora requerimentos de <span class=\"termoGlossario\">urg\u00eancia<\/span> para projetos de lei de autoria de parlamentares.<\/p>\n<p>Entre eles, o Projeto de Lei 3448\/23, da deputada Am\u00e1lia Barros (PL-MT), que institui o dia 23 de abril como Dia Nacional de Conscientiza\u00e7\u00e3o da Fibrodisplasia Ossificante Progressiva (FOP), uma doen\u00e7a rara de origem gen\u00e9tica que pode levar \u00e0 imobilidade progressiva.<\/p>\n<p><strong>Mais informa\u00e7\u00f5es em instantes<\/strong><\/p>\n<p><a href=\"https:\/\/www.youtube.com\/watch?v=3SApuGD4w10\">Assista ao vivo<\/a><\/p>","protected":false},"excerpt":{"rendered":"<p>Zeca Ribeiro\/C\u00e2mara dos Deputados Benedita da Silva preside a sess\u00e3o do Plen\u00e1rio desta segunda-feira A C\u00e2mara dos Deputados come\u00e7ou a Ordem do Dia da sess\u00e3o deliberativa do Plen\u00e1rio e analisa agora requerimentos de urg\u00eancia para projetos de lei de autoria de parlamentares. Entre eles, o Projeto de Lei 3448\/23, da deputada Am\u00e1lia Barros (PL-MT), que [&hellip;]<\/p>\n","protected":false},"author":0,"featured_media":0,"comment_status":"open","ping_status":"open","sticky":false,"template":"","format":"standard","meta":{"footnotes":""},"categories":[1],"tags":[],"_links":{"self":[{"href":"https:\/\/jeffersonisac.adv.br\/index.php\/wp-json\/wp\/v2\/posts\/3223"}],"collection":[{"href":"https:\/\/jeffersonisac.adv.br\/index.php\/wp-json\/wp\/v2\/posts"}],"about":[{"href":"https:\/\/jeffersonisac.adv.br\/index.php\/wp-json\/wp\/v2\/types\/post"}],"replies":[{"embeddable":true,"href":"https:\/\/jeffersonisac.adv.br\/index.php\/wp-json\/wp\/v2\/comments?post=3223"}],"version-history":[{"count":0,"href":"https:\/\/jeffersonisac.adv.br\/index.php\/wp-json\/wp\/v2\/posts\/3223\/revisions"}],"wp:attachment":[{"href":"https:\/\/jeffersonisac.adv.br\/index.php\/wp-json\/wp\/v2\/media?parent=3223"}],"wp:term":[{"taxonomy":"category","embeddable":true,"href":"https:\/\/jeffersonisac.adv.br\/index.php\/wp-json\/wp\/v2\/categories?post=3223"},{"taxonomy":"post_tag","embeddable":true,"href":"https:\/\/jeffersonisac.adv.br\/index.php\/wp-json\/wp\/v2\/tags?post=3223"}],"curies":[{"name":"wp","href":"https:\/\/api.w.org\/{rel}","templated":true}]}}