{"id":3235,"date":"2023-10-31T10:35:13","date_gmt":"2023-10-31T13:35:13","guid":{"rendered":"https:\/\/jeffersonisac.adv.br\/index.php\/2023\/10\/31\/comissao-aprova-projeto-que-beneficia-usuarios-de-energia-eletrica-da-regiao-norte\/"},"modified":"2023-10-31T10:35:13","modified_gmt":"2023-10-31T13:35:13","slug":"comissao-aprova-projeto-que-beneficia-usuarios-de-energia-eletrica-da-regiao-norte","status":"publish","type":"post","link":"https:\/\/jeffersonisac.adv.br\/index.php\/2023\/10\/31\/comissao-aprova-projeto-que-beneficia-usuarios-de-energia-eletrica-da-regiao-norte\/","title":{"rendered":"Comiss\u00e3o aprova projeto que beneficia usu\u00e1rios de energia el\u00e9trica da regi\u00e3o Norte"},"content":{"rendered":"<div class=\"image-container\">\n<div class=\"midia-creditos\"><em>Gilmar F\u00e9lix \/ C\u00e2mara dos Deputados<\/em><\/div>\n<div class=\"media-wrapper\"><\/div>\n<div class=\"midia-legenda\">Joaquim Passarinho consolidou dois projetos sobre o tema<\/div>\n<\/div>\n<p>A Comiss\u00e3o de Minas e Energia da C\u00e2mara dos Deputados aprovou um projeto de lei (PL) que busca reduzir a conta de luz de consumidores da regi\u00e3o Norte.<\/p>\n<p>O <a class=\"linkProposicao\" href=\"https:\/\/www.camara.leg.br\/noticias\/729092-proposta-permite-que-encargo-do-setor-eletrico-reduza-conta-de-luz-na-regiao-norte\">PL 285\/21<\/a> permite que a Reserva Global de Revers\u00e3o (RGR), um dos encargos da fatura mensal, seja utilizada at\u00e9 31 de dezembro de 2025 para abater a deprecia\u00e7\u00e3o dos investimentos realizados pelas distribuidoras da regi\u00e3o que n\u00e3o foram contempladas na <a class=\"linkLegislacao\" href=\"https:\/\/www2.camara.gov.br\/legin\/fed\/lei\/2021\/lei-14120-1-marco-2021-791100-norma-pl.html\">Lei 14.120\/21<\/a>.<\/p>\n<p>A medida evita que o custo recaia sobre os usu\u00e1rios. Esse benef\u00edcio foi criado pela lei de 2021, mas restringiu-se \u00e0s distribuidoras da Eletrobras, hoje privatizadas. A Celpa (Equatorial Energia), por exemplo, que atende ao Par\u00e1, ficou de fora, pois n\u00e3o integrava a <em>holding<\/em> estatal.<\/p>\n<p><strong>Tarifa elevada<br \/>\n<\/strong>O PL 285\/21 \u00e9 de autoria do deputado Airton Faleiro (PT-PA) e outros parlamentares. A comiss\u00e3o aprovou o parecer do relator, deputado Joaquim Passarinho (PL-PA).<\/p>\n<p>O relator afirmou que os consumidores do Par\u00e1 pagam hoje uma das tarifas mais elevadas do Brasil \u2013 a sexta, segundo a Ag\u00eancia Nacional de Energia El\u00e9trica (Aneel). \u201cTal situa\u00e7\u00e3o configura-se uma inequidade\u201d, disse Passarinho.<\/p>\n<p>Ele apresentou um <span class=\"termoGlossario\">substitutivo<\/span>, que re\u00fane no mesmo texto o PL 285\/21 ao <span class=\"termoGlossario\">apensado<\/span> (PL 580\/21), de teor semelhante.<\/p>\n<p>A proposta tramita em <span class=\"termoGlossario\">car\u00e1ter conclusivo<\/span> e ainda vai passar pelas comiss\u00f5es de Finan\u00e7as e Tributa\u00e7\u00e3o; e de Constitui\u00e7\u00e3o e Justi\u00e7a e de Cidadania (CCJ).<\/p>\n<p><a href=\"https:\/\/www.camara.leg.br\/noticias\/573454-SAIBA-MAIS-SOBRE-A-TRAMITACAO-DE-PROJETOS-DE-LEI\">Saiba mais sobre a tramita\u00e7\u00e3o de projetos de lei<\/a><\/p>","protected":false},"excerpt":{"rendered":"<p>Gilmar F\u00e9lix \/ C\u00e2mara dos Deputados Joaquim Passarinho consolidou dois projetos sobre o tema A Comiss\u00e3o de Minas e Energia da C\u00e2mara dos Deputados aprovou um projeto de lei (PL) que busca reduzir a conta de luz de consumidores da regi\u00e3o Norte. O PL 285\/21 permite que a Reserva Global de Revers\u00e3o (RGR), um dos [&hellip;]<\/p>\n","protected":false},"author":0,"featured_media":0,"comment_status":"open","ping_status":"open","sticky":false,"template":"","format":"standard","meta":{"footnotes":""},"categories":[1],"tags":[],"_links":{"self":[{"href":"https:\/\/jeffersonisac.adv.br\/index.php\/wp-json\/wp\/v2\/posts\/3235"}],"collection":[{"href":"https:\/\/jeffersonisac.adv.br\/index.php\/wp-json\/wp\/v2\/posts"}],"about":[{"href":"https:\/\/jeffersonisac.adv.br\/index.php\/wp-json\/wp\/v2\/types\/post"}],"replies":[{"embeddable":true,"href":"https:\/\/jeffersonisac.adv.br\/index.php\/wp-json\/wp\/v2\/comments?post=3235"}],"version-history":[{"count":0,"href":"https:\/\/jeffersonisac.adv.br\/index.php\/wp-json\/wp\/v2\/posts\/3235\/revisions"}],"wp:attachment":[{"href":"https:\/\/jeffersonisac.adv.br\/index.php\/wp-json\/wp\/v2\/media?parent=3235"}],"wp:term":[{"taxonomy":"category","embeddable":true,"href":"https:\/\/jeffersonisac.adv.br\/index.php\/wp-json\/wp\/v2\/categories?post=3235"},{"taxonomy":"post_tag","embeddable":true,"href":"https:\/\/jeffersonisac.adv.br\/index.php\/wp-json\/wp\/v2\/tags?post=3235"}],"curies":[{"name":"wp","href":"https:\/\/api.w.org\/{rel}","templated":true}]}}