{"id":3238,"date":"2023-10-31T12:38:27","date_gmt":"2023-10-31T15:38:27","guid":{"rendered":"https:\/\/jeffersonisac.adv.br\/index.php\/2023\/10\/31\/lider-do-feminismo-negro-e-incluida-no-livro-dos-herois-e-heroinas-da-patria\/"},"modified":"2023-10-31T12:38:27","modified_gmt":"2023-10-31T15:38:27","slug":"lider-do-feminismo-negro-e-incluida-no-livro-dos-herois-e-heroinas-da-patria","status":"publish","type":"post","link":"https:\/\/jeffersonisac.adv.br\/index.php\/2023\/10\/31\/lider-do-feminismo-negro-e-incluida-no-livro-dos-herois-e-heroinas-da-patria\/","title":{"rendered":"L\u00edder do feminismo negro \u00e9 inclu\u00edda no &#8216;Livro dos Her\u00f3is e Hero\u00ednas da P\u00e1tria&#8217;"},"content":{"rendered":"<p>\u00a0<\/p>\n<div class=\"image-container\">\n<div class=\"midia-creditos\"><em>Arquivo Nacional<\/em><\/div>\n<div class=\"media-wrapper\"><\/div>\n<div class=\"midia-legenda\">Maria Beatriz Nascimento<\/div>\n<\/div>\n<p>O presidente Luiz In\u00e1cio Lula da Silva sancionou a lei que inclui o nome de Maria Beatriz Nascimento no Livro dos Her\u00f3is e Hero\u00ednas da P\u00e1tria.<\/p>\n<p>A <a class=\"linkLegislacao\" href=\"https:\/\/www2.camara.gov.br\/legin\/fed\/lei\/2023\/lei-14712-30-outubro-2023-794874-norma-pl.html\">Lei 14.712\/23<\/a> foi publicada no Di\u00e1rio Oficial da Uni\u00e3o desta ter\u00e7a-feira (31) a partir da aprova\u00e7\u00e3o do Projeto de Lei 614\/22, do senador Paulo Paim (PT-RS). Na C\u00e2mara dos Deputados a proposta foi relatada pelas deputadas Benedita da Silva (PT-RJ) e Laura Carneiro (PSD-RJ).<\/p>\n<p>Maria Beatriz nasceu em Aracaju em 1942, filha de um pedreiro com uma dona de casa. Em 1949, a fam\u00edlia se mudou para o Rio de Janeiro, onde ela conseguiu formar-se em Hist\u00f3ria pela Universidade Federal do Rio de Janeiro (UFRJ) em 1971.<\/p>\n<p>Junto a outros militantes do movimento negro, Maria Beatriz Nascimento fundou em 1981 o Grupo de Trabalho Andr\u00e9 Rebou\u00e7as, na Universidade Federal Fluminense (UFF).<\/p>\n<p>Ela foi assassinada em janeiro de 1995 pelo companheiro de uma amiga. Maria Beatriz a havia aconselhado a terminar o relacionamento em raz\u00e3o das viol\u00eancias dom\u00e9sticas que sofria. Foi sepultada no cemit\u00e9rio S\u00e3o Jo\u00e3o Batista, na capital fluminense.<\/p>","protected":false},"excerpt":{"rendered":"<p>\u00a0 Arquivo Nacional Maria Beatriz Nascimento O presidente Luiz In\u00e1cio Lula da Silva sancionou a lei que inclui o nome de Maria Beatriz Nascimento no Livro dos Her\u00f3is e Hero\u00ednas da P\u00e1tria. A Lei 14.712\/23 foi publicada no Di\u00e1rio Oficial da Uni\u00e3o desta ter\u00e7a-feira (31) a partir da aprova\u00e7\u00e3o do Projeto de Lei 614\/22, do [&hellip;]<\/p>\n","protected":false},"author":0,"featured_media":0,"comment_status":"open","ping_status":"open","sticky":false,"template":"","format":"standard","meta":{"footnotes":""},"categories":[1],"tags":[],"_links":{"self":[{"href":"https:\/\/jeffersonisac.adv.br\/index.php\/wp-json\/wp\/v2\/posts\/3238"}],"collection":[{"href":"https:\/\/jeffersonisac.adv.br\/index.php\/wp-json\/wp\/v2\/posts"}],"about":[{"href":"https:\/\/jeffersonisac.adv.br\/index.php\/wp-json\/wp\/v2\/types\/post"}],"replies":[{"embeddable":true,"href":"https:\/\/jeffersonisac.adv.br\/index.php\/wp-json\/wp\/v2\/comments?post=3238"}],"version-history":[{"count":0,"href":"https:\/\/jeffersonisac.adv.br\/index.php\/wp-json\/wp\/v2\/posts\/3238\/revisions"}],"wp:attachment":[{"href":"https:\/\/jeffersonisac.adv.br\/index.php\/wp-json\/wp\/v2\/media?parent=3238"}],"wp:term":[{"taxonomy":"category","embeddable":true,"href":"https:\/\/jeffersonisac.adv.br\/index.php\/wp-json\/wp\/v2\/categories?post=3238"},{"taxonomy":"post_tag","embeddable":true,"href":"https:\/\/jeffersonisac.adv.br\/index.php\/wp-json\/wp\/v2\/tags?post=3238"}],"curies":[{"name":"wp","href":"https:\/\/api.w.org\/{rel}","templated":true}]}}