{"id":3239,"date":"2023-10-31T12:38:27","date_gmt":"2023-10-31T15:38:27","guid":{"rendered":"https:\/\/jeffersonisac.adv.br\/index.php\/2023\/10\/31\/projeto-preve-que-o-conselho-de-medicina-se-manifeste-em-acoes-judiciais-sobre-erros-medicos\/"},"modified":"2023-10-31T12:38:27","modified_gmt":"2023-10-31T15:38:27","slug":"projeto-preve-que-o-conselho-de-medicina-se-manifeste-em-acoes-judiciais-sobre-erros-medicos","status":"publish","type":"post","link":"https:\/\/jeffersonisac.adv.br\/index.php\/2023\/10\/31\/projeto-preve-que-o-conselho-de-medicina-se-manifeste-em-acoes-judiciais-sobre-erros-medicos\/","title":{"rendered":"Projeto prev\u00ea que o Conselho de Medicina se manifeste em a\u00e7\u00f5es judiciais sobre erros m\u00e9dicos"},"content":{"rendered":"<div class=\"image-container\">\n<div class=\"midia-creditos\"><em>Vinicius Loures \/ C\u00e2mara dos Deputados<\/em><\/div>\n<div class=\"media-wrapper\"><\/div>\n<div class=\"midia-legenda\">O autor da proposta, deputado Marcelo Queiroz<\/div>\n<\/div>\n<p>O Projeto de Lei 1763\/23 determina que, em a\u00e7\u00f5es judiciais que apontam erro m\u00e9dico, o respectivo Conselho Regional de Medicina (CRM) seja intimado a apresentar parecer sobre o laudo pericial. O texto em an\u00e1lise na C\u00e2mara dos Deputados altera o <a class=\"linkLegislacao\" href=\"https:\/\/www2.camara.gov.br\/legin\/fed\/lei\/2015\/lei-13105-16-marco-2015-780273-norma-pl.html\">C\u00f3digo de Processo Civil<\/a>.<\/p>\n<p>\u201cNessas a\u00e7\u00f5es, o laudo, elaborado por um \u00fanico perito escolhido pelo juiz, constitui, na pr\u00e1tica, a \u2018senten\u00e7a final\u2019 do processo, j\u00e1 que os magistrados n\u00e3o possuem habilita\u00e7\u00e3o para discordar de uma conclus\u00e3o t\u00e9cnica\u201d, observou o autor da proposta, deputado Marcelo Queiroz (PP-RJ).<\/p>\n<p>Para o deputado, essa situa\u00e7\u00e3o causa distor\u00e7\u00f5es. \u201cO laudo pode trazer opini\u00f5es divergentes sobre a conduta ideal do profissional de sa\u00fade em determinada situa\u00e7\u00e3o, pois tem como caracter\u00edstica crit\u00e9rios subjetivos, que nem sempre externam unanimidade ou a opini\u00e3o majorit\u00e1ria\u201d, afirmou.<\/p>\n<p>\u201cO CRM deve ser intimado para se manifestar, se entender pertinente, nas a\u00e7\u00f5es sobre erro m\u00e9dico, como ocorre com as ag\u00eancias reguladoras\u201d, defendeu Marcelo Queiroz. \u201cIsso traria seguran\u00e7a jur\u00eddica para as senten\u00e7as, que estariam fundadas em argumentos com alto grau de legitimidade e confiabilidade\u201d, concluiu.<\/p>\n<p><strong>Tramita\u00e7\u00e3o<\/strong><br \/>\nO projeto tramita em <span class=\"termoGlossario\">car\u00e1ter conclusivo<\/span> e ser\u00e1 analisado pelas comiss\u00f5es de Sa\u00fade; e de Constitui\u00e7\u00e3o e Justi\u00e7a e de Cidadania.<\/p>\n<p><a href=\"https:\/\/www.camara.leg.br\/noticias\/573454-SAIBA-MAIS-SOBRE-A-TRAMITACAO-DE-PROJETOS-DE-LEI\">Saiba mais sobre a tramita\u00e7\u00e3o de projetos de lei<\/a><\/p>","protected":false},"excerpt":{"rendered":"<p>Vinicius Loures \/ C\u00e2mara dos Deputados O autor da proposta, deputado Marcelo Queiroz O Projeto de Lei 1763\/23 determina que, em a\u00e7\u00f5es judiciais que apontam erro m\u00e9dico, o respectivo Conselho Regional de Medicina (CRM) seja intimado a apresentar parecer sobre o laudo pericial. O texto em an\u00e1lise na C\u00e2mara dos Deputados altera o C\u00f3digo de [&hellip;]<\/p>\n","protected":false},"author":0,"featured_media":0,"comment_status":"open","ping_status":"open","sticky":false,"template":"","format":"standard","meta":{"footnotes":""},"categories":[1],"tags":[],"_links":{"self":[{"href":"https:\/\/jeffersonisac.adv.br\/index.php\/wp-json\/wp\/v2\/posts\/3239"}],"collection":[{"href":"https:\/\/jeffersonisac.adv.br\/index.php\/wp-json\/wp\/v2\/posts"}],"about":[{"href":"https:\/\/jeffersonisac.adv.br\/index.php\/wp-json\/wp\/v2\/types\/post"}],"replies":[{"embeddable":true,"href":"https:\/\/jeffersonisac.adv.br\/index.php\/wp-json\/wp\/v2\/comments?post=3239"}],"version-history":[{"count":0,"href":"https:\/\/jeffersonisac.adv.br\/index.php\/wp-json\/wp\/v2\/posts\/3239\/revisions"}],"wp:attachment":[{"href":"https:\/\/jeffersonisac.adv.br\/index.php\/wp-json\/wp\/v2\/media?parent=3239"}],"wp:term":[{"taxonomy":"category","embeddable":true,"href":"https:\/\/jeffersonisac.adv.br\/index.php\/wp-json\/wp\/v2\/categories?post=3239"},{"taxonomy":"post_tag","embeddable":true,"href":"https:\/\/jeffersonisac.adv.br\/index.php\/wp-json\/wp\/v2\/tags?post=3239"}],"curies":[{"name":"wp","href":"https:\/\/api.w.org\/{rel}","templated":true}]}}