{"id":3240,"date":"2023-10-31T12:38:27","date_gmt":"2023-10-31T15:38:27","guid":{"rendered":"https:\/\/jeffersonisac.adv.br\/index.php\/2023\/10\/31\/projeto-obriga-o-estado-a-oferecer-assistencia-psicologica-continua-para-agentes-da-seguranca-publica\/"},"modified":"2023-10-31T12:38:27","modified_gmt":"2023-10-31T15:38:27","slug":"projeto-obriga-o-estado-a-oferecer-assistencia-psicologica-continua-para-agentes-da-seguranca-publica","status":"publish","type":"post","link":"https:\/\/jeffersonisac.adv.br\/index.php\/2023\/10\/31\/projeto-obriga-o-estado-a-oferecer-assistencia-psicologica-continua-para-agentes-da-seguranca-publica\/","title":{"rendered":"Projeto obriga o Estado a oferecer assist\u00eancia psicol\u00f3gica cont\u00ednua para agentes da seguran\u00e7a p\u00fablica"},"content":{"rendered":"<div class=\"image-container\">\n<div class=\"midia-creditos\"><em>Gilmar F\u00e9lix \/ C\u00e2mara dos Deputados<\/em><\/div>\n<div class=\"media-wrapper\"><\/div>\n<div class=\"midia-legenda\">Janones: atendimento deve ser oferecido de acordo com a necessidade do servidor<\/div>\n<\/div>\n<p>O Projeto de Lei 2573\/23 obriga o poder p\u00fablico a oferecer assist\u00eancia psicol\u00f3gica cont\u00ednua e gratuita para todos os servidores que atuam na \u00e1rea de seguran\u00e7a p\u00fablica. O texto tramita na C\u00e2mara dos Deputados.<\/p>\n<p>\u201cA atua\u00e7\u00e3o na seguran\u00e7a p\u00fablica exige um alto n\u00edvel de estresse, exposi\u00e7\u00e3o a situa\u00e7\u00f5es traum\u00e1ticas e desafios constantes. Isso pode impactar significativamente a sa\u00fade mental dos \u00adservidores\u201d, justifica o autor do projeto, deputado Andr\u00e9 Janones (Avante-MG).<\/p>\n<p>Segundo a proposta, o atendimento psicol\u00f3gico dever\u00e1 ser oferecido de acordo com a necessidade e a disponibilidade do servidor. Em todos os casos, o sigilo profissional \u00e9 garantido aos psic\u00f3logos e demais profissionais envolvidos.<\/p>\n<p>O texto tamb\u00e9m prev\u00ea que a administra\u00e7\u00e3o p\u00fablica promova a conscientiza\u00e7\u00e3o da import\u00e2ncia da assist\u00eancia psicol\u00f3gica para servidores da seguran\u00e7a p\u00fablica, por meio de campanhas, palestras e distribui\u00e7\u00e3o de materiais educativos.<\/p>\n<p><strong>Tramita\u00e7\u00e3o<\/strong><br \/>\nA proposta ser\u00e1 analisada, em <span class=\"termoGlossario\">car\u00e1ter conclusivo<\/span>, pelas comiss\u00f5es de Seguran\u00e7a P\u00fablica e Combate ao Crime Organizado; de Sa\u00fade; de Finan\u00e7as e Tributa\u00e7\u00e3o; e de Constitui\u00e7\u00e3o e Justi\u00e7a e de Cidadania.<\/p>\n<p><a href=\"https:\/\/www.camara.leg.br\/noticias\/573454-SAIBA-MAIS-SOBRE-A-TRAMITACAO-DE-PROJETOS-DE-LEI\">Saiba mais sobre a tramita\u00e7\u00e3o de projetos de lei<\/a><\/p>","protected":false},"excerpt":{"rendered":"<p>Gilmar F\u00e9lix \/ C\u00e2mara dos Deputados Janones: atendimento deve ser oferecido de acordo com a necessidade do servidor O Projeto de Lei 2573\/23 obriga o poder p\u00fablico a oferecer assist\u00eancia psicol\u00f3gica cont\u00ednua e gratuita para todos os servidores que atuam na \u00e1rea de seguran\u00e7a p\u00fablica. O texto tramita na C\u00e2mara dos Deputados. \u201cA atua\u00e7\u00e3o na [&hellip;]<\/p>\n","protected":false},"author":0,"featured_media":0,"comment_status":"open","ping_status":"open","sticky":false,"template":"","format":"standard","meta":{"footnotes":""},"categories":[1],"tags":[],"_links":{"self":[{"href":"https:\/\/jeffersonisac.adv.br\/index.php\/wp-json\/wp\/v2\/posts\/3240"}],"collection":[{"href":"https:\/\/jeffersonisac.adv.br\/index.php\/wp-json\/wp\/v2\/posts"}],"about":[{"href":"https:\/\/jeffersonisac.adv.br\/index.php\/wp-json\/wp\/v2\/types\/post"}],"replies":[{"embeddable":true,"href":"https:\/\/jeffersonisac.adv.br\/index.php\/wp-json\/wp\/v2\/comments?post=3240"}],"version-history":[{"count":0,"href":"https:\/\/jeffersonisac.adv.br\/index.php\/wp-json\/wp\/v2\/posts\/3240\/revisions"}],"wp:attachment":[{"href":"https:\/\/jeffersonisac.adv.br\/index.php\/wp-json\/wp\/v2\/media?parent=3240"}],"wp:term":[{"taxonomy":"category","embeddable":true,"href":"https:\/\/jeffersonisac.adv.br\/index.php\/wp-json\/wp\/v2\/categories?post=3240"},{"taxonomy":"post_tag","embeddable":true,"href":"https:\/\/jeffersonisac.adv.br\/index.php\/wp-json\/wp\/v2\/tags?post=3240"}],"curies":[{"name":"wp","href":"https:\/\/api.w.org\/{rel}","templated":true}]}}