{"id":3246,"date":"2023-10-31T15:32:47","date_gmt":"2023-10-31T18:32:47","guid":{"rendered":"https:\/\/jeffersonisac.adv.br\/index.php\/2023\/10\/31\/lei-concede-a-arraial-do-cabo-rj-o-titulo-de-capital-nacional-do-mergulho\/"},"modified":"2023-10-31T15:32:47","modified_gmt":"2023-10-31T18:32:47","slug":"lei-concede-a-arraial-do-cabo-rj-o-titulo-de-capital-nacional-do-mergulho","status":"publish","type":"post","link":"https:\/\/jeffersonisac.adv.br\/index.php\/2023\/10\/31\/lei-concede-a-arraial-do-cabo-rj-o-titulo-de-capital-nacional-do-mergulho\/","title":{"rendered":"Lei concede a Arraial do Cabo (RJ) o t\u00edtulo de Capital Nacional do Mergulho"},"content":{"rendered":"<div class=\"image-container\">\n<div class=\"midia-creditos\"><em>Prefeitura de Arraial do Cabo\/RJ<\/em><\/div>\n<div class=\"media-wrapper\"><\/div>\n<div class=\"midia-legenda\">Turista mergulha no litoral de Arraial do Cabo<\/div>\n<\/div>\n<p>O presidente Luiz In\u00e1cio Lula da Silva sancionou a <a class=\"linkLegislacao\" href=\"https:\/\/www2.camara.gov.br\/legin\/fed\/lei\/2023\/lei-14716-30-outubro-2023-794878-norma-pl.html\">Lei 14.716\/23<\/a>, que confere ao munic\u00edpio de Arraial do Cabo (RJ) o t\u00edtulo de Capital Nacional do Mergulho.<\/p>\n<p>A lei teve origem em projeto da C\u00e2mara (PL 2529\/19), apresentado pelo deputado Gutemberg Reis (MDB-RJ) e relatado pelos deputados Luiz Lima (PL-RJ) e Aureo Ribeiro (Solidariedade-RJ).\u00a0O texto foi <a href=\"https:\/\/www.camara.leg.br\/noticias\/780223-CCJ-APROVA-PROJETO-QUE-CONSIDERA-ARRAIAL-DO-CABO-COMO-CAPITAL-NACIONAL-DO-MERGULHO\">aprovado na C\u00e2mara em 2021<\/a>.<\/p>\n<p>De acordo com Gutemberg Reis, Arraial do Cabo vem se especializando em oferecer atividades de mergulho certificadas. \u201cS\u00e3o oferecidos aos turistas mais de 200 pontos de mergulho e dezenas de naufr\u00e1gios catalogados&#8221;, cita o parlamentar.<\/p>\n<p>Ele ressalta ainda que o mar na regi\u00e3o \u00e9 transparente o que garante boas condi\u00e7\u00f5es para o mergulho em qualquer \u00e9poca do ano.<\/p>\n<p>Os locais mais procurados pelos mergulhadores s\u00e3o a Praia do Forno, a Praia do Farol e as Prainhas do Pontal do Atalaia.<\/p>","protected":false},"excerpt":{"rendered":"<p>Prefeitura de Arraial do Cabo\/RJ Turista mergulha no litoral de Arraial do Cabo O presidente Luiz In\u00e1cio Lula da Silva sancionou a Lei 14.716\/23, que confere ao munic\u00edpio de Arraial do Cabo (RJ) o t\u00edtulo de Capital Nacional do Mergulho. A lei teve origem em projeto da C\u00e2mara (PL 2529\/19), apresentado pelo deputado Gutemberg Reis [&hellip;]<\/p>\n","protected":false},"author":0,"featured_media":0,"comment_status":"open","ping_status":"open","sticky":false,"template":"","format":"standard","meta":{"footnotes":""},"categories":[1],"tags":[],"_links":{"self":[{"href":"https:\/\/jeffersonisac.adv.br\/index.php\/wp-json\/wp\/v2\/posts\/3246"}],"collection":[{"href":"https:\/\/jeffersonisac.adv.br\/index.php\/wp-json\/wp\/v2\/posts"}],"about":[{"href":"https:\/\/jeffersonisac.adv.br\/index.php\/wp-json\/wp\/v2\/types\/post"}],"replies":[{"embeddable":true,"href":"https:\/\/jeffersonisac.adv.br\/index.php\/wp-json\/wp\/v2\/comments?post=3246"}],"version-history":[{"count":0,"href":"https:\/\/jeffersonisac.adv.br\/index.php\/wp-json\/wp\/v2\/posts\/3246\/revisions"}],"wp:attachment":[{"href":"https:\/\/jeffersonisac.adv.br\/index.php\/wp-json\/wp\/v2\/media?parent=3246"}],"wp:term":[{"taxonomy":"category","embeddable":true,"href":"https:\/\/jeffersonisac.adv.br\/index.php\/wp-json\/wp\/v2\/categories?post=3246"},{"taxonomy":"post_tag","embeddable":true,"href":"https:\/\/jeffersonisac.adv.br\/index.php\/wp-json\/wp\/v2\/tags?post=3246"}],"curies":[{"name":"wp","href":"https:\/\/api.w.org\/{rel}","templated":true}]}}