{"id":3265,"date":"2023-11-01T12:06:16","date_gmt":"2023-11-01T15:06:16","guid":{"rendered":"https:\/\/jeffersonisac.adv.br\/index.php\/2023\/11\/01\/comissao-discute-tratamento-para-o-cancer-de-colo-do-utero\/"},"modified":"2023-11-01T12:06:16","modified_gmt":"2023-11-01T15:06:16","slug":"comissao-discute-tratamento-para-o-cancer-de-colo-do-utero","status":"publish","type":"post","link":"https:\/\/jeffersonisac.adv.br\/index.php\/2023\/11\/01\/comissao-discute-tratamento-para-o-cancer-de-colo-do-utero\/","title":{"rendered":"Comiss\u00e3o discute tratamento para o c\u00e2ncer de colo do \u00fatero"},"content":{"rendered":"<div class=\"image-container\">\n<div class=\"midia-creditos\"><em>Getty Images<\/em><\/div>\n<div class=\"media-wrapper\"><\/div>\n<div class=\"midia-legenda\"><\/div>\n<\/div>\n<p>A comiss\u00e3o especial da C\u00e2mara dos Deputados que acompanha o combate ao c\u00e2ncer no Brasil debate na ter\u00e7a-feira (7) a ocorr\u00eancia dessa doen\u00e7a no colo do \u00fatero. &#8220;O Instituto Nacional de C\u00e2ncer (Inca) afirma que o c\u00e2ncer de colo de \u00fatero \u00e9 a terceira neoplasia que mais acomete as mulheres&#8221;, informa a deputada Laura Carneiro (PSD-RJ), que pediu a realiza\u00e7\u00e3o da audi\u00eancia.<\/p>\n<p>Ainda segundo o Inca, neste ano devem ser registrados 17 mil novos casos de c\u00e2ncer de colo do \u00fatero no Pa\u00eds.<\/p>\n<p>Laura Carneiro lembra que \u00e9 poss\u00edvel detectar altera\u00e7\u00f5es nas c\u00e9lulas do colo uterino por meio de um exame simples (Papanicolau), a intervalos regulares. Esse exame pode identificar a\u00a0infec\u00e7\u00e3o por HPV, principal fator de risco para o desenvolvimento de c\u00e2ncer de \u00fatero.<\/p>\n<p>Apesar de haver vacina para o HPV, Laura Carneiro afirma que ainda h\u00e1 muito o que avan\u00e7ar no acesso ao rastreamento citopatol\u00f3gico de c\u00e9lulas do \u00fatero.\u00a0&#8220;\u00c9 importante debater o acesso aos servi\u00e7os de sa\u00fade, ao rastreamento, \u00e0 vacina, e estrat\u00e9gias para reduzis fatores de risco&#8221;, argumenta a parlamentar.<\/p>\n<p>A audi\u00eancia ser\u00e1 realizada a partir das 14h30, no plen\u00e1rio 7.<\/p>\n<p><a href=\"https:\/\/www.camara.leg.br\/evento-legislativo\/70832\">Veja quem foi convidado para discutir o assunto com as deputadas<\/a><\/p>\n<p>\u00a0<\/p>\n<div class=\"\"><\/div>\n<p>\u00a0<\/p>","protected":false},"excerpt":{"rendered":"<p>Getty Images A comiss\u00e3o especial da C\u00e2mara dos Deputados que acompanha o combate ao c\u00e2ncer no Brasil debate na ter\u00e7a-feira (7) a ocorr\u00eancia dessa doen\u00e7a no colo do \u00fatero. &#8220;O Instituto Nacional de C\u00e2ncer (Inca) afirma que o c\u00e2ncer de colo de \u00fatero \u00e9 a terceira neoplasia que mais acomete as mulheres&#8221;, informa a deputada [&hellip;]<\/p>\n","protected":false},"author":0,"featured_media":0,"comment_status":"open","ping_status":"open","sticky":false,"template":"","format":"standard","meta":{"footnotes":""},"categories":[1],"tags":[],"_links":{"self":[{"href":"https:\/\/jeffersonisac.adv.br\/index.php\/wp-json\/wp\/v2\/posts\/3265"}],"collection":[{"href":"https:\/\/jeffersonisac.adv.br\/index.php\/wp-json\/wp\/v2\/posts"}],"about":[{"href":"https:\/\/jeffersonisac.adv.br\/index.php\/wp-json\/wp\/v2\/types\/post"}],"replies":[{"embeddable":true,"href":"https:\/\/jeffersonisac.adv.br\/index.php\/wp-json\/wp\/v2\/comments?post=3265"}],"version-history":[{"count":0,"href":"https:\/\/jeffersonisac.adv.br\/index.php\/wp-json\/wp\/v2\/posts\/3265\/revisions"}],"wp:attachment":[{"href":"https:\/\/jeffersonisac.adv.br\/index.php\/wp-json\/wp\/v2\/media?parent=3265"}],"wp:term":[{"taxonomy":"category","embeddable":true,"href":"https:\/\/jeffersonisac.adv.br\/index.php\/wp-json\/wp\/v2\/categories?post=3265"},{"taxonomy":"post_tag","embeddable":true,"href":"https:\/\/jeffersonisac.adv.br\/index.php\/wp-json\/wp\/v2\/tags?post=3265"}],"curies":[{"name":"wp","href":"https:\/\/api.w.org\/{rel}","templated":true}]}}