{"id":3266,"date":"2023-11-01T12:06:16","date_gmt":"2023-11-01T15:06:16","guid":{"rendered":"https:\/\/jeffersonisac.adv.br\/index.php\/2023\/11\/01\/ccj-aprova-inscricao-do-nome-de-abdias-do-nascimento-no-livro-dos-herois-e-heroinas-da-patria\/"},"modified":"2023-11-01T12:06:16","modified_gmt":"2023-11-01T15:06:16","slug":"ccj-aprova-inscricao-do-nome-de-abdias-do-nascimento-no-livro-dos-herois-e-heroinas-da-patria","status":"publish","type":"post","link":"https:\/\/jeffersonisac.adv.br\/index.php\/2023\/11\/01\/ccj-aprova-inscricao-do-nome-de-abdias-do-nascimento-no-livro-dos-herois-e-heroinas-da-patria\/","title":{"rendered":"CCJ aprova inscri\u00e7\u00e3o do nome de Abdias do Nascimento no Livro dos Her\u00f3is e Hero\u00ednas da P\u00e1tria"},"content":{"rendered":"<div class=\"image-container\">\n<div class=\"midia-creditos\"><em>C\u00e9lio Azevedo\/Ag\u00eancia Senado<\/em><\/div>\n<div class=\"media-wrapper\"><\/div>\n<div class=\"midia-legenda\">Abdias do Nascimento tamb\u00e9m foi senador<\/div>\n<\/div>\n<p><span>A Comiss\u00e3o de Constitui\u00e7\u00e3o e Justi\u00e7a da C\u00e2mara dos Deputados aprovou projeto de lei que i<\/span><span>nscreve o nome de Abdias do Nascimento no Livro dos Her\u00f3is e Hero\u00ednas da P\u00e1tria (PL 2526\/22, do Senado). O livro fica d<\/span><span>epositado no Pante\u00e3o da P\u00e1tria e da Liberdade Tancredo Neves, em Bras\u00edlia.<\/span><\/p>\n<p>A proposta foi aprovada <span>em <span class=\"termoGlossario\">car\u00e1ter conclusivo<\/span> e pode seguir para a san\u00e7\u00e3o se n\u00e3o houver recurso para an\u00e1lise em Plen\u00e1rio.\u00a0<\/span><\/p>\n<p><span>A CCJ, aprovou o parecer da relatora, deputada Laura Carneiro (PSD-RJ), favor\u00e1vel ao projeto.\u00a0<\/span><\/p>\n<p><span>Poeta, ator, escritor, dramaturgo, artista pl\u00e1stico, professor universit\u00e1rio, pol\u00edtico e ativista dos direitos das popula\u00e7\u00f5es negras, Abdias foi um grande personagem na luta antirracista. Tamb\u00e9m foi senador. Como suplente do antrop\u00f3logo Darcy Ribeiro no Senado, assumiu a cadeira entre 1991 e 1992 e de 1997 a 1999 e se tornou refer\u00eancia na luta pela igualdade racial tamb\u00e9m naquela Casa.\u00a0<\/span><\/p>\n<p><span>Destacou-se como cientista social e como autor de importantes trabalhos que tratam da tem\u00e1tica afro-brasileira. Como artista pl\u00e1stico, ele realizou diversas exposi\u00e7\u00f5es em museus, universidades e centros culturais brasileiros.\u00a0<\/span><\/p>\n<p><span>Ele faleceu em 2011, aos 97 anos, v\u00edtima de uma pneumonia que se complicou e agravou problemas card\u00edacos.<\/span><\/p>","protected":false},"excerpt":{"rendered":"<p>C\u00e9lio Azevedo\/Ag\u00eancia Senado Abdias do Nascimento tamb\u00e9m foi senador A Comiss\u00e3o de Constitui\u00e7\u00e3o e Justi\u00e7a da C\u00e2mara dos Deputados aprovou projeto de lei que inscreve o nome de Abdias do Nascimento no Livro dos Her\u00f3is e Hero\u00ednas da P\u00e1tria (PL 2526\/22, do Senado). O livro fica depositado no Pante\u00e3o da P\u00e1tria e da Liberdade Tancredo [&hellip;]<\/p>\n","protected":false},"author":0,"featured_media":0,"comment_status":"open","ping_status":"open","sticky":false,"template":"","format":"standard","meta":{"footnotes":""},"categories":[1],"tags":[],"_links":{"self":[{"href":"https:\/\/jeffersonisac.adv.br\/index.php\/wp-json\/wp\/v2\/posts\/3266"}],"collection":[{"href":"https:\/\/jeffersonisac.adv.br\/index.php\/wp-json\/wp\/v2\/posts"}],"about":[{"href":"https:\/\/jeffersonisac.adv.br\/index.php\/wp-json\/wp\/v2\/types\/post"}],"replies":[{"embeddable":true,"href":"https:\/\/jeffersonisac.adv.br\/index.php\/wp-json\/wp\/v2\/comments?post=3266"}],"version-history":[{"count":0,"href":"https:\/\/jeffersonisac.adv.br\/index.php\/wp-json\/wp\/v2\/posts\/3266\/revisions"}],"wp:attachment":[{"href":"https:\/\/jeffersonisac.adv.br\/index.php\/wp-json\/wp\/v2\/media?parent=3266"}],"wp:term":[{"taxonomy":"category","embeddable":true,"href":"https:\/\/jeffersonisac.adv.br\/index.php\/wp-json\/wp\/v2\/categories?post=3266"},{"taxonomy":"post_tag","embeddable":true,"href":"https:\/\/jeffersonisac.adv.br\/index.php\/wp-json\/wp\/v2\/tags?post=3266"}],"curies":[{"name":"wp","href":"https:\/\/api.w.org\/{rel}","templated":true}]}}