{"id":3270,"date":"2023-11-01T13:28:55","date_gmt":"2023-11-01T16:28:55","guid":{"rendered":"https:\/\/jeffersonisac.adv.br\/index.php\/2023\/11\/01\/plenario-da-camara-aprova-projeto-que-cria-bancada-negra-acompanhe\/"},"modified":"2023-11-01T13:28:55","modified_gmt":"2023-11-01T16:28:55","slug":"plenario-da-camara-aprova-projeto-que-cria-bancada-negra-acompanhe","status":"publish","type":"post","link":"https:\/\/jeffersonisac.adv.br\/index.php\/2023\/11\/01\/plenario-da-camara-aprova-projeto-que-cria-bancada-negra-acompanhe\/","title":{"rendered":"Plen\u00e1rio da C\u00e2mara aprova projeto que cria bancada negra; acompanhe"},"content":{"rendered":"<div class=\"image-container\">\n<div class=\"midia-creditos\"><em>Zeca Ribeiro\/C\u00e2mara dos Deputados<\/em><\/div>\n<div class=\"media-wrapper\"><\/div>\n<div class=\"midia-legenda\">O relator da proposta, deputado Antonio Brito<\/div>\n<\/div>\n<p>A C\u00e2mara dos Deputados aprovou o Projeto de Resolu\u00e7\u00e3o (PRC) 116\/23, dos deputados Tal\u00edria Petrone (Psol-RJ) e Dami\u00e3o Feliciano (Uni\u00e3o-PB), que cria a bancada negra. A proposta vai \u00e0 promulga\u00e7\u00e3o.\u00a0\u201cNada mais justo para um Brasil que n\u00e3o avan\u00e7ou na democracia racial\u201d, disse Tal\u00edria.<\/p>\n<p>Muito emocionada, a deputada Benedita da Silva (PT-RJ) disse que a aprova\u00e7\u00e3o \u00e9 um reconhecimento hist\u00f3rico. \u201cNesse momento, me sinto recompensada. Agora tenho uma bancada, que vai dar continuidade a uma luta\u201d, afirmou.<\/p>\n<p>A bancada ter\u00e1 um coordenador-geral e tr\u00eas vices-coordenadores. \u201cEsse \u00e9 um momento muito importante para o Brasil\u201d, afirmou o relator, deputado Antonio Brito (PSD-BA). Ele recomendou a aprova\u00e7\u00e3o do projeto, na forma de um <span class=\"termoGlossario\">substitutivo<\/span>.<\/p>\n<p><strong>Presen\u00e7a na reuni\u00e3o de l\u00edderes<\/strong><br \/>\nA principal mudan\u00e7a proposta por ele \u00e9 a possiblidade de a bancada participar da reuni\u00e3o de l\u00edderes da C\u00e2mara com o presidente, que define a pauta de vota\u00e7\u00f5es do Plen\u00e1rio, com direito a voz e voto.<\/p>\n<p>A bancada tamb\u00e9m ter\u00e1 direito a usar a palavra, por cinco minutos semanalmente, durante o per\u00edodo destinado \u00e0s Comunica\u00e7\u00f5es de Lideran\u00e7a, para expressar a posi\u00e7\u00e3o dos seus integrantes.<\/p>\n<p>\u00a0<\/p>\n<div class=\"video-container youtube youtube-100\">\n<div class=\"midia-creditos\"><em>YouTube<\/em><\/div>\n\n<div class=\"midia-legenda\"><\/div>\n<\/div>\n<p>\u00a0<\/p>\n<p><strong>Representatividade<br \/>\n<\/strong>Brito afirmou que a C\u00e2mara possui 31 parlamentares que, pelo crit\u00e9rio racial, se declaram pretos e pretas, e 91 deputados e deputadas que se identificam com a cor parda.<\/p>\n<p>\u201cPortanto, a bancada negra, que ora se prop\u00f5e criar, corresponde a aproximadamente 24% dos 513 parlamentares desta Casa, revelando-se incontroversa a legitimidade de sua cria\u00e7\u00e3o\u201d, afirmou.<\/p>\n<p>O relator destacou que a medida n\u00e3o representa nenhum custo adicional para a C\u00e2mara. \u201cN\u00e3o h\u00e1 cria\u00e7\u00e3o de cargos, n\u00e3o h\u00e1 cria\u00e7\u00e3o de salas, n\u00e3o h\u00e1 cria\u00e7\u00e3o de nenhuma assessoria\u201d, afirmou Brito.<\/p>\n<div class=\"image-container\">\n<div class=\"midia-creditos\"><em>Zeca Ribeiro\/C\u00e2mara dos Deputados<\/em><\/div>\n<div class=\"media-wrapper\"><\/div>\n<div class=\"midia-legenda\">Tal\u00edria Petrone \u00e9 uma das autoras do projeto<\/div>\n<\/div>\n<p><strong>Mulheres e negros<\/strong><br \/>\nAinda segundo o deputado, a nova bancada \u00e9 uma consequ\u00eancia da <a href=\"https:\/\/www2.camara.leg.br\/legin\/fed\/emecon\/2021\/emendaconstitucional-111-28-setembro-2021-791789-norma-pl.html\">Emenda Constitucional 111<\/a>, que adotou novas regras para incentivar a elei\u00e7\u00e3o de mulheres e negros para a C\u00e2mara.<\/p>\n<p>De acordo com a emenda, os votos dados a mulheres e pessoas negras contar\u00e3o em dobro para a distribui\u00e7\u00e3o de recursos do Fundo Eleitoral entre os partidos pol\u00edticos at\u00e9 as elei\u00e7\u00f5es de 2030.<\/p>\n<p><strong>Mais informa\u00e7\u00f5es a seguir<\/strong><\/p>","protected":false},"excerpt":{"rendered":"<p>Zeca Ribeiro\/C\u00e2mara dos Deputados O relator da proposta, deputado Antonio Brito A C\u00e2mara dos Deputados aprovou o Projeto de Resolu\u00e7\u00e3o (PRC) 116\/23, dos deputados Tal\u00edria Petrone (Psol-RJ) e Dami\u00e3o Feliciano (Uni\u00e3o-PB), que cria a bancada negra. A proposta vai \u00e0 promulga\u00e7\u00e3o.\u00a0\u201cNada mais justo para um Brasil que n\u00e3o avan\u00e7ou na democracia racial\u201d, disse Tal\u00edria. Muito [&hellip;]<\/p>\n","protected":false},"author":0,"featured_media":0,"comment_status":"open","ping_status":"open","sticky":false,"template":"","format":"standard","meta":{"footnotes":""},"categories":[1],"tags":[],"_links":{"self":[{"href":"https:\/\/jeffersonisac.adv.br\/index.php\/wp-json\/wp\/v2\/posts\/3270"}],"collection":[{"href":"https:\/\/jeffersonisac.adv.br\/index.php\/wp-json\/wp\/v2\/posts"}],"about":[{"href":"https:\/\/jeffersonisac.adv.br\/index.php\/wp-json\/wp\/v2\/types\/post"}],"replies":[{"embeddable":true,"href":"https:\/\/jeffersonisac.adv.br\/index.php\/wp-json\/wp\/v2\/comments?post=3270"}],"version-history":[{"count":0,"href":"https:\/\/jeffersonisac.adv.br\/index.php\/wp-json\/wp\/v2\/posts\/3270\/revisions"}],"wp:attachment":[{"href":"https:\/\/jeffersonisac.adv.br\/index.php\/wp-json\/wp\/v2\/media?parent=3270"}],"wp:term":[{"taxonomy":"category","embeddable":true,"href":"https:\/\/jeffersonisac.adv.br\/index.php\/wp-json\/wp\/v2\/categories?post=3270"},{"taxonomy":"post_tag","embeddable":true,"href":"https:\/\/jeffersonisac.adv.br\/index.php\/wp-json\/wp\/v2\/tags?post=3270"}],"curies":[{"name":"wp","href":"https:\/\/api.w.org\/{rel}","templated":true}]}}