{"id":3281,"date":"2023-11-01T17:45:42","date_gmt":"2023-11-01T20:45:42","guid":{"rendered":"https:\/\/jeffersonisac.adv.br\/index.php\/2023\/11\/01\/comissao-aprova-cota-de-5-para-pessoas-com-deficiencia-em-universidades-e-institutos-federais\/"},"modified":"2023-11-01T17:45:42","modified_gmt":"2023-11-01T20:45:42","slug":"comissao-aprova-cota-de-5-para-pessoas-com-deficiencia-em-universidades-e-institutos-federais","status":"publish","type":"post","link":"https:\/\/jeffersonisac.adv.br\/index.php\/2023\/11\/01\/comissao-aprova-cota-de-5-para-pessoas-com-deficiencia-em-universidades-e-institutos-federais\/","title":{"rendered":"Comiss\u00e3o aprova cota de 5% para pessoas com defici\u00eancia em universidades e institutos federais"},"content":{"rendered":"<div class=\"image-container\">\n<div class=\"midia-creditos\"><em>Zeca Ribeiro\/C\u00e2mara dos Deputados<\/em><\/div>\n<div class=\"media-wrapper\"><\/div>\n<div class=\"midia-legenda\">Merlong Solano apresentou parecer favor\u00e1vel ao projeto<\/div>\n<\/div>\n<p>A Comiss\u00e3o de Defesa dos Direitos das Pessoas com Defici\u00eancia da C\u00e2mara dos Deputados aprovou o Projeto de Lei 3318\/23, que destina a pessoas com defici\u00eancia 5% das vagas de ampla concorr\u00eancia em universidades e institutos federais de ensino. O texto aprovado altera a <a href=\"http:\/\/(lei%2012.711\/12)\">Lei de Cotas de Ingresso nas Universidades<\/a>.<\/p>\n<p>\u201cSe h\u00e1 raz\u00e3o para a atual reserva de 50% das vagas no ensino superior para pessoas de escolas p\u00fablicas, ainda priorizando pessoas de baixa renda, tamb\u00e9m h\u00e1 raz\u00f5es de sobra para garantir um percentual para pessoas com defici\u00eancia\u201d, argumentou o relator, deputado Merlong Solano (PT-PI), que defendeu a aprova\u00e7\u00e3o do texto original do deputado Alexandre Lindenmeyer (PT-RS).<\/p>\n<p><strong>O que diz a lei<\/strong><br \/>\nA Lei de Cotas para o ensino superior estabelece que todas as institui\u00e7\u00f5es federais de ensino \u2013 universidades federais e institui\u00e7\u00f5es federais de ensino t\u00e9cnico de n\u00edvel m\u00e9dio \u2013 devem reservar, no m\u00ednimo, 50% das vagas de cada curso a estudantes de escolas p\u00fablicas.<\/p>\n<p>Dentro dos 50%, metade das vagas deve ser destinada a estudantes de fam\u00edlias com renda mensal igual ou menor que 1,5 sal\u00e1rio m\u00ednimo per capita.<\/p>\n<p>Em cada faixa de renda, entre os candidatos cotistas, s\u00e3o separadas vagas para autodeclarados pretos, pardos e ind\u00edgenas e pessoas com defici\u00eancia, proporcionalmente ao censo do <span>IBGE<\/span>.<\/p>\n<p><strong>Tramita\u00e7\u00e3o<\/strong><br \/>\nA proposta ser\u00e1 ainda analisada, em <span class=\"termoGlossario\">car\u00e1ter conclusivo<\/span>, pelas comiss\u00f5es de Educa\u00e7\u00e3o; e de Constitui\u00e7\u00e3o e Justi\u00e7a e de Cidadania.<\/p>\n<p><a href=\"https:\/\/www.camara.leg.br\/noticias\/573454-SAIBA-MAIS-SOBRE-A-TRAMITACAO-DE-PROJETOS-DE-LEI\">Saiba mais sobre a tramita\u00e7\u00e3o de projetos de lei<\/a><\/p>","protected":false},"excerpt":{"rendered":"<p>Zeca Ribeiro\/C\u00e2mara dos Deputados Merlong Solano apresentou parecer favor\u00e1vel ao projeto A Comiss\u00e3o de Defesa dos Direitos das Pessoas com Defici\u00eancia da C\u00e2mara dos Deputados aprovou o Projeto de Lei 3318\/23, que destina a pessoas com defici\u00eancia 5% das vagas de ampla concorr\u00eancia em universidades e institutos federais de ensino. O texto aprovado altera a [&hellip;]<\/p>\n","protected":false},"author":0,"featured_media":0,"comment_status":"open","ping_status":"open","sticky":false,"template":"","format":"standard","meta":{"footnotes":""},"categories":[1],"tags":[],"_links":{"self":[{"href":"https:\/\/jeffersonisac.adv.br\/index.php\/wp-json\/wp\/v2\/posts\/3281"}],"collection":[{"href":"https:\/\/jeffersonisac.adv.br\/index.php\/wp-json\/wp\/v2\/posts"}],"about":[{"href":"https:\/\/jeffersonisac.adv.br\/index.php\/wp-json\/wp\/v2\/types\/post"}],"replies":[{"embeddable":true,"href":"https:\/\/jeffersonisac.adv.br\/index.php\/wp-json\/wp\/v2\/comments?post=3281"}],"version-history":[{"count":0,"href":"https:\/\/jeffersonisac.adv.br\/index.php\/wp-json\/wp\/v2\/posts\/3281\/revisions"}],"wp:attachment":[{"href":"https:\/\/jeffersonisac.adv.br\/index.php\/wp-json\/wp\/v2\/media?parent=3281"}],"wp:term":[{"taxonomy":"category","embeddable":true,"href":"https:\/\/jeffersonisac.adv.br\/index.php\/wp-json\/wp\/v2\/categories?post=3281"},{"taxonomy":"post_tag","embeddable":true,"href":"https:\/\/jeffersonisac.adv.br\/index.php\/wp-json\/wp\/v2\/tags?post=3281"}],"curies":[{"name":"wp","href":"https:\/\/api.w.org\/{rel}","templated":true}]}}