{"id":3286,"date":"2023-11-01T20:25:50","date_gmt":"2023-11-01T23:25:50","guid":{"rendered":"https:\/\/jeffersonisac.adv.br\/index.php\/2023\/11\/01\/congresso-e-iluminado-de-azul-como-alerta-para-prevencao-ao-cancer-de-prostata\/"},"modified":"2023-11-01T20:25:50","modified_gmt":"2023-11-01T23:25:50","slug":"congresso-e-iluminado-de-azul-como-alerta-para-prevencao-ao-cancer-de-prostata","status":"publish","type":"post","link":"https:\/\/jeffersonisac.adv.br\/index.php\/2023\/11\/01\/congresso-e-iluminado-de-azul-como-alerta-para-prevencao-ao-cancer-de-prostata\/","title":{"rendered":"Congresso \u00e9 iluminado de azul como alerta para preven\u00e7\u00e3o ao c\u00e2ncer de pr\u00f3stata"},"content":{"rendered":"<div class=\"image-container\">\n<div class=\"midia-creditos\"><em>Pierre Triboli\/C\u00e2mara dos Deputados<\/em><\/div>\n<div class=\"media-wrapper\"><\/div>\n<div class=\"midia-legenda\">Congresso Nacional recebe ilumina\u00e7\u00e3o especial na campanha Novembro Azul<\/div>\n<\/div>\n<p>O Congresso Nacional recebe ilumina\u00e7\u00e3o na cor azul, no per\u00edodo de 1\u00ba a 14 de novembro, em apoio ao Novembro Azul, m\u00eas de conscientiza\u00e7\u00e3o sobre a sa\u00fade do homem, em especial sobre a preven\u00e7\u00e3o e o diagn\u00f3stico precoce do c\u00e2ncer de pr\u00f3stata.<\/p>\n<p>O Novembro Azul teve origem na Austr\u00e1lia, em 2003, e foi inspirado no movimento Outubro Rosa, que j\u00e1 alertava o p\u00fablico feminino sobre a preven\u00e7\u00e3o do c\u00e2ncer de mama.<\/p>\n<p>De acordo com o Minist\u00e9rio da Sa\u00fade, o c\u00e2ncer de pr\u00f3stata \u00e9 o mais comum entre os homens e responde por 28,6% das mortes por neoplasias malignas no sexo masculino. No Brasil, um homem morre a cada 38 minutos devido \u00e0 doen\u00e7a, de acordo com dados mais recentes do Instituto Nacional do C\u00e2ncer (Inca).<\/p>\n<p><strong>Preven\u00e7\u00e3o<\/strong><br \/>\nExames anuais podem evitar que a doen\u00e7a seja detectada em est\u00e1gios avan\u00e7ados. As chances de cura chegam a 90% quando a doen\u00e7a \u00e9 identificada e tratada precocemente.<\/p>\n<p>A Sociedade Brasileira de Urologia (SBU) recomenda que o exame de toque retal seja feito a partir dos 50 anos para homens que n\u00e3o possuam casos desse tipo de c\u00e2ncer na fam\u00edlia. Para homens negros e aqueles com hist\u00f3rico familiar da doen\u00e7a, recomenda-se come\u00e7ar os exames aos 45 anos.<\/p>\n<p><strong>Outras campanhas<\/strong><br \/>\nO m\u00eas de novembro tamb\u00e9m \u00e9 o m\u00eas de reflex\u00e3o e reconhecimento de outras quest\u00f5es de sa\u00fade, j\u00e1 que a cor azul faz refer\u00eancia ao Dia Mundial da Pneumonia, celebrado em 12 de novembro, e ao Dia Mundial do Diabetes, comemorado em 14 de novembro.<\/p>\n<p>O Dia Mundial do Diabetes \u00e9 uma data criada para aumentar a conscientiza\u00e7\u00e3o sobre a doen\u00e7a que afeta milh\u00f5es de pessoas em todo o mundo. O objetivo da data \u00e9 educar, prevenir e promover o diagn\u00f3stico precoce do diabetes, uma condi\u00e7\u00e3o cr\u00f4nica que, se n\u00e3o for tratada de forma adequada, pode levar a complica\u00e7\u00f5es graves.<\/p>\n<p>J\u00e1 o Dia Mundial da Pneumonia foi criado pela Organiza\u00e7\u00e3o Mundial de Sa\u00fade (OMS) para ressaltar a import\u00e2ncia da preven\u00e7\u00e3o da doen\u00e7a, que continua sendo a principal causa de morte em crian\u00e7as de at\u00e9 5 anos de idade.<\/p>\n<p>A pneumonia \u00e9 uma infec\u00e7\u00e3o nos pulm\u00f5es provocada por bact\u00e9rias, v\u00edrus ou fungos, sendo que o Streptococcus Pneumoniae \u00e9 o agente causador em 60% dos casos. Embora a taxa de mortalidade provocada por pneumonia esteja em queda, a quantidade de interna\u00e7\u00f5es e o alto custo do tratamento ainda s\u00e3o desafios para a sa\u00fade p\u00fablica e a sociedade como um todo. O diagn\u00f3stico e tratamento precoces da doen\u00e7a, no entanto, impedem eventuais agravamentos de seu quadro cl\u00ednico.<\/p>","protected":false},"excerpt":{"rendered":"<p>Pierre Triboli\/C\u00e2mara dos Deputados Congresso Nacional recebe ilumina\u00e7\u00e3o especial na campanha Novembro Azul O Congresso Nacional recebe ilumina\u00e7\u00e3o na cor azul, no per\u00edodo de 1\u00ba a 14 de novembro, em apoio ao Novembro Azul, m\u00eas de conscientiza\u00e7\u00e3o sobre a sa\u00fade do homem, em especial sobre a preven\u00e7\u00e3o e o diagn\u00f3stico precoce do c\u00e2ncer de pr\u00f3stata. [&hellip;]<\/p>\n","protected":false},"author":0,"featured_media":0,"comment_status":"open","ping_status":"open","sticky":false,"template":"","format":"standard","meta":{"footnotes":""},"categories":[1],"tags":[],"_links":{"self":[{"href":"https:\/\/jeffersonisac.adv.br\/index.php\/wp-json\/wp\/v2\/posts\/3286"}],"collection":[{"href":"https:\/\/jeffersonisac.adv.br\/index.php\/wp-json\/wp\/v2\/posts"}],"about":[{"href":"https:\/\/jeffersonisac.adv.br\/index.php\/wp-json\/wp\/v2\/types\/post"}],"replies":[{"embeddable":true,"href":"https:\/\/jeffersonisac.adv.br\/index.php\/wp-json\/wp\/v2\/comments?post=3286"}],"version-history":[{"count":0,"href":"https:\/\/jeffersonisac.adv.br\/index.php\/wp-json\/wp\/v2\/posts\/3286\/revisions"}],"wp:attachment":[{"href":"https:\/\/jeffersonisac.adv.br\/index.php\/wp-json\/wp\/v2\/media?parent=3286"}],"wp:term":[{"taxonomy":"category","embeddable":true,"href":"https:\/\/jeffersonisac.adv.br\/index.php\/wp-json\/wp\/v2\/categories?post=3286"},{"taxonomy":"post_tag","embeddable":true,"href":"https:\/\/jeffersonisac.adv.br\/index.php\/wp-json\/wp\/v2\/tags?post=3286"}],"curies":[{"name":"wp","href":"https:\/\/api.w.org\/{rel}","templated":true}]}}