{"id":3290,"date":"2023-11-06T09:01:00","date_gmt":"2023-11-06T12:01:00","guid":{"rendered":"https:\/\/jeffersonisac.adv.br\/index.php\/2023\/11\/06\/seminario-vai-debater-custos-na-logistica-de-politicas-publicas-desenvolvidas-na-amazonia\/"},"modified":"2023-11-06T09:01:00","modified_gmt":"2023-11-06T12:01:00","slug":"seminario-vai-debater-custos-na-logistica-de-politicas-publicas-desenvolvidas-na-amazonia","status":"publish","type":"post","link":"https:\/\/jeffersonisac.adv.br\/index.php\/2023\/11\/06\/seminario-vai-debater-custos-na-logistica-de-politicas-publicas-desenvolvidas-na-amazonia\/","title":{"rendered":"Semin\u00e1rio vai debater custos na log\u00edstica de pol\u00edticas p\u00fablicas desenvolvidas na Amaz\u00f4nia"},"content":{"rendered":"<div class=\"image-container\">\n<div class=\"midia-creditos\"><em>Vinicius Loures\/C\u00e2mara dos Deputados<\/em><\/div>\n<div class=\"media-wrapper\"><\/div>\n<div class=\"midia-legenda\">Professora Goreth \u00e9 a autora\u00a0 do requerimento para a realiza\u00e7\u00e3o do semin\u00e1rio<\/div>\n<\/div>\n<p>A Comiss\u00e3o de Integra\u00e7\u00e3o Nacional e Desenvolvimento Regional da C\u00e2mara dos Deputados realiza semin\u00e1rio nesta ter\u00e7a-feira (7) para debater o chamado &#8220;fator amaz\u00f4nico&#8221;, termo utilizado para se referir aos custos adicionais de log\u00edstica e transporte que empresas e governos precisam arcar para realizar a\u00e7\u00f5es na regi\u00e3o amaz\u00f4nica.<\/p>\n<p>Confira a <a href=\"https:\/\/www.camara.leg.br\/evento-legislativo\/70321\">programa\u00e7\u00e3o do evento<\/a>, marcado para as 9h30 no plen\u00e1rio 15.<\/p>\n<p>A autora do requerimento para a realiza\u00e7\u00e3o do semin\u00e1rio \u00e9 a deputada Professora Goreth (PDT-AP). Ela considera o semin\u00e1rio uma ferramenta para debater a equidade dos investimentos p\u00fablicos, ou seja, uma distribui\u00e7\u00e3o &#8220;justa e equitativa&#8221; de recursos segundo as caracter\u00edsticas das diferentes regi\u00f5es do Brasil.<\/p>\n<p><strong>Necessidades<br \/>\n<\/strong>&#8220;Os investimentos devem ser distribu\u00eddos de forma proporcional \u00e0s necessidades e potencialidades de cada regi\u00e3o ou setor, levando em considera\u00e7\u00e3o as caracter\u00edsticas geogr\u00e1ficas, socioecon\u00f4micas e culturais de cada localidade, o que ainda n\u00e3o \u00e9 uma realidade no Brasil&#8221;, disse a deputada.<\/p>\n<p>&#8220;A equidade de investimentos \u00e9 importante para garantir que todas as regi\u00f5es e setores tenham condi\u00e7\u00f5es igualit\u00e1rias de competir e se desenvolver, contribuindo para a redu\u00e7\u00e3o das disparidades econ\u00f4micas e sociais e para a promo\u00e7\u00e3o de um desenvolvimento mais sustent\u00e1vel e integrado&#8221;, acrescentou.<\/p>\n<p><strong>Alimenta\u00e7\u00e3o escolar<br \/>\n<\/strong>Como exemplo das peculiaridades da Amaz\u00f4nia, a deputada cita a alimenta\u00e7\u00e3o escolar oferecida nas regi\u00f5es ribeirinhas, que chega de balsa, barco ou pequenos avi\u00f5es. &#8220;A distribui\u00e7\u00e3o da merenda escolar envolve planejamento de log\u00edstica e movimenta um n\u00famero significativo de pessoas. Ademais, alguns problemas importantes dificultam essa din\u00e2mica, como os portos de dif\u00edcil acesso e os lugares de vazantes com a terra em processo de secagem&#8221;.<\/p>\n<p>Nessas localidades, lembra a deputadas, \u00e9 comum que a pr\u00f3pria natureza determine o calend\u00e1rio escolar, obrigando muitas escolas ribeirinhas a adaptarem o hor\u00e1rio das aulas ao momento da mar\u00e9 cheia. &#8220;Outros alunos passam mais de duas horas di\u00e1rias navegando os rios amaz\u00f4nicos para chegar \u00e0 escola e quando chegam ao destino n\u00e3o encontram sequer uma alimenta\u00e7\u00e3o refor\u00e7ada, por que devido o custo, na maioria das vezes, crucifica-se a qualidade&#8221;, destacou.<\/p>","protected":false},"excerpt":{"rendered":"<p>Vinicius Loures\/C\u00e2mara dos Deputados Professora Goreth \u00e9 a autora\u00a0 do requerimento para a realiza\u00e7\u00e3o do semin\u00e1rio A Comiss\u00e3o de Integra\u00e7\u00e3o Nacional e Desenvolvimento Regional da C\u00e2mara dos Deputados realiza semin\u00e1rio nesta ter\u00e7a-feira (7) para debater o chamado &#8220;fator amaz\u00f4nico&#8221;, termo utilizado para se referir aos custos adicionais de log\u00edstica e transporte que empresas e governos [&hellip;]<\/p>\n","protected":false},"author":0,"featured_media":0,"comment_status":"open","ping_status":"open","sticky":false,"template":"","format":"standard","meta":{"footnotes":""},"categories":[1],"tags":[],"_links":{"self":[{"href":"https:\/\/jeffersonisac.adv.br\/index.php\/wp-json\/wp\/v2\/posts\/3290"}],"collection":[{"href":"https:\/\/jeffersonisac.adv.br\/index.php\/wp-json\/wp\/v2\/posts"}],"about":[{"href":"https:\/\/jeffersonisac.adv.br\/index.php\/wp-json\/wp\/v2\/types\/post"}],"replies":[{"embeddable":true,"href":"https:\/\/jeffersonisac.adv.br\/index.php\/wp-json\/wp\/v2\/comments?post=3290"}],"version-history":[{"count":0,"href":"https:\/\/jeffersonisac.adv.br\/index.php\/wp-json\/wp\/v2\/posts\/3290\/revisions"}],"wp:attachment":[{"href":"https:\/\/jeffersonisac.adv.br\/index.php\/wp-json\/wp\/v2\/media?parent=3290"}],"wp:term":[{"taxonomy":"category","embeddable":true,"href":"https:\/\/jeffersonisac.adv.br\/index.php\/wp-json\/wp\/v2\/categories?post=3290"},{"taxonomy":"post_tag","embeddable":true,"href":"https:\/\/jeffersonisac.adv.br\/index.php\/wp-json\/wp\/v2\/tags?post=3290"}],"curies":[{"name":"wp","href":"https:\/\/api.w.org\/{rel}","templated":true}]}}