{"id":3295,"date":"2023-11-06T11:10:04","date_gmt":"2023-11-06T14:10:04","guid":{"rendered":"https:\/\/jeffersonisac.adv.br\/index.php\/2023\/11\/06\/comissao-de-orcamento-discute-parecer-preliminar-ao-projeto-da-ldo-de-2024\/"},"modified":"2023-11-06T11:10:04","modified_gmt":"2023-11-06T14:10:04","slug":"comissao-de-orcamento-discute-parecer-preliminar-ao-projeto-da-ldo-de-2024","status":"publish","type":"post","link":"https:\/\/jeffersonisac.adv.br\/index.php\/2023\/11\/06\/comissao-de-orcamento-discute-parecer-preliminar-ao-projeto-da-ldo-de-2024\/","title":{"rendered":"Comiss\u00e3o de Or\u00e7amento discute parecer preliminar ao projeto da LDO de 2024"},"content":{"rendered":"<div class=\"image-container\">\n<div class=\"midia-creditos\"><em>Bruno Spada\/C\u00e2mara dos Deputados<\/em><\/div>\n<div class=\"media-wrapper\"><\/div>\n<div class=\"midia-legenda\">O relator da LDO, deputado Danilo Forte<\/div>\n<\/div>\n<p>A <span class=\"termoGlossario\">Comiss\u00e3o Mista de Or\u00e7amento<\/span> re\u00fane-se na ter\u00e7a-feira (7) para discutir o relat\u00f3rio preliminar da Lei de Diretrizes Or\u00e7ament\u00e1rias (<span class=\"termoGlossario\">LDO<\/span>) de 2024 (<a class=\"linkProposicao\" href=\"https:\/\/www.camara.leg.br\/noticias\/953235-governo-encaminha-projeto-da-ldo-de-2024-ao-congresso\">PLN 4\/23<\/a>). A reuni\u00e3o est\u00e1 marcada para as 14h30, no plen\u00e1rio 2.<\/p>\n<p><a href=\"https:\/\/www.camara.leg.br\/evento-legislativo\/70680\">Confira a pauta<\/a><\/p>\n<p>O relator da LDO \u00e9 o deputado Danilo Forte (Uni\u00e3o-CE). No fim do m\u00eas passado, o deputado disse, <a href=\"https:\/\/www.camara.leg.br\/radio\/402-painel-eletronico\/\">em entrevista \u00e0\u00a0R\u00e1dio C\u00e2mara<\/a>, que a inten\u00e7\u00e3o \u00e9 concluir a vota\u00e7\u00e3o do parecer no Plen\u00e1rio do Congresso Nacional entre 20 e 22 de novembro para que a Lei Or\u00e7ament\u00e1ria (<span class=\"termoGlossario\">LOA<\/span>) de 2024 (<a class=\"linkProposicao\" href=\"https:\/\/www.camara.leg.br\/noticias\/993644-orcamento-de-2024-preve-minimo-de-r-1-421\">PLN 29\/23<\/a>) possa ser votada em dezembro.<\/p>\n<p>A LDO estabelece as diretrizes para a elabora\u00e7\u00e3o da LOA.<\/p>\n<p><a href=\"https:\/\/www.camara.leg.br\/noticias\/866636-CONHECA-O-CICLO-ORCAMENTARIO-FEDERAL\">Conhe\u00e7a o ciclo or\u00e7ament\u00e1rio federal<\/a><\/p>","protected":false},"excerpt":{"rendered":"<p>Bruno Spada\/C\u00e2mara dos Deputados O relator da LDO, deputado Danilo Forte A Comiss\u00e3o Mista de Or\u00e7amento re\u00fane-se na ter\u00e7a-feira (7) para discutir o relat\u00f3rio preliminar da Lei de Diretrizes Or\u00e7ament\u00e1rias (LDO) de 2024 (PLN 4\/23). A reuni\u00e3o est\u00e1 marcada para as 14h30, no plen\u00e1rio 2. Confira a pauta O relator da LDO \u00e9 o deputado [&hellip;]<\/p>\n","protected":false},"author":0,"featured_media":0,"comment_status":"open","ping_status":"open","sticky":false,"template":"","format":"standard","meta":{"footnotes":""},"categories":[1],"tags":[],"_links":{"self":[{"href":"https:\/\/jeffersonisac.adv.br\/index.php\/wp-json\/wp\/v2\/posts\/3295"}],"collection":[{"href":"https:\/\/jeffersonisac.adv.br\/index.php\/wp-json\/wp\/v2\/posts"}],"about":[{"href":"https:\/\/jeffersonisac.adv.br\/index.php\/wp-json\/wp\/v2\/types\/post"}],"replies":[{"embeddable":true,"href":"https:\/\/jeffersonisac.adv.br\/index.php\/wp-json\/wp\/v2\/comments?post=3295"}],"version-history":[{"count":0,"href":"https:\/\/jeffersonisac.adv.br\/index.php\/wp-json\/wp\/v2\/posts\/3295\/revisions"}],"wp:attachment":[{"href":"https:\/\/jeffersonisac.adv.br\/index.php\/wp-json\/wp\/v2\/media?parent=3295"}],"wp:term":[{"taxonomy":"category","embeddable":true,"href":"https:\/\/jeffersonisac.adv.br\/index.php\/wp-json\/wp\/v2\/categories?post=3295"},{"taxonomy":"post_tag","embeddable":true,"href":"https:\/\/jeffersonisac.adv.br\/index.php\/wp-json\/wp\/v2\/tags?post=3295"}],"curies":[{"name":"wp","href":"https:\/\/api.w.org\/{rel}","templated":true}]}}