{"id":3302,"date":"2023-11-06T14:23:47","date_gmt":"2023-11-06T17:23:47","guid":{"rendered":"https:\/\/jeffersonisac.adv.br\/index.php\/2023\/11\/06\/comissao-vai-debater-telessaude-com-presidente-da-associacao-brasileira-de-telemedicina\/"},"modified":"2023-11-06T14:23:47","modified_gmt":"2023-11-06T17:23:47","slug":"comissao-vai-debater-telessaude-com-presidente-da-associacao-brasileira-de-telemedicina","status":"publish","type":"post","link":"https:\/\/jeffersonisac.adv.br\/index.php\/2023\/11\/06\/comissao-vai-debater-telessaude-com-presidente-da-associacao-brasileira-de-telemedicina\/","title":{"rendered":"Comiss\u00e3o vai debater telessa\u00fade com presidente da Associa\u00e7\u00e3o Brasileira de Telemedicina"},"content":{"rendered":"<div class=\"image-container\">\n<div class=\"midia-creditos\"><em>Zeca Ribeiro \/ C\u00e2mara dos Deputados<\/em><\/div>\n<div class=\"media-wrapper\"><\/div>\n<div class=\"midia-legenda\">Adriana Ventura \u00e9 a autora do requerimento para a realiza\u00e7\u00e3o da audi\u00eancia<\/div>\n<\/div>\n<p>A Comiss\u00e3o de Sa\u00fade da C\u00e2mara dos Deputados vai realizar audi\u00eancia p\u00fablica na quarta-feira (8) para debater o uso de ferramentas digitais em sa\u00fade com o presidente da Associa\u00e7\u00e3o Brasileira de Telemedicina, Chao Lung Wen.<\/p>\n<p>A autora do requerimento para a realiza\u00e7\u00e3o da reuni\u00e3o \u00e9 a deputada Adriana Ventura (Novo-SP), que preside a Subcomiss\u00e3o de Telemedicina, Telessa\u00fade e Sa\u00fade Digital.<\/p>\n<p>A audi\u00eancia \u00e9 parte do plano de trabalho do colegiado e Adriana Ventura lembra que entre seus objetivos est\u00e1 discutir &#8220;o atual cen\u00e1rio de infraestrutura que viabilize o uso das ferramentas digitais em sa\u00fade, al\u00e9m da delibera\u00e7\u00e3o e exposi\u00e7\u00e3o sobre como tecnologias e ferramentas no escossistema de sa\u00fade digital est\u00e3o sendo utilizadas ao longo da jornada do paciente no contexto brasileiro&#8221;.<\/p>\n<p>A <a href=\"https:\/\/www.camara.leg.br\/evento-legislativo\/70865\">audi\u00eancia<\/a> ter\u00e1 participa\u00e7\u00e3o de participantes da Comiss\u00e3o de Ci\u00eancia e Tecnologia da C\u00e2mara dos Deputados e ser\u00e1 realizada a partir das 10 horas no plen\u00e1rio 7.<\/p>","protected":false},"excerpt":{"rendered":"<p>Zeca Ribeiro \/ C\u00e2mara dos Deputados Adriana Ventura \u00e9 a autora do requerimento para a realiza\u00e7\u00e3o da audi\u00eancia A Comiss\u00e3o de Sa\u00fade da C\u00e2mara dos Deputados vai realizar audi\u00eancia p\u00fablica na quarta-feira (8) para debater o uso de ferramentas digitais em sa\u00fade com o presidente da Associa\u00e7\u00e3o Brasileira de Telemedicina, Chao Lung Wen. A autora [&hellip;]<\/p>\n","protected":false},"author":0,"featured_media":0,"comment_status":"open","ping_status":"open","sticky":false,"template":"","format":"standard","meta":{"footnotes":""},"categories":[1],"tags":[],"_links":{"self":[{"href":"https:\/\/jeffersonisac.adv.br\/index.php\/wp-json\/wp\/v2\/posts\/3302"}],"collection":[{"href":"https:\/\/jeffersonisac.adv.br\/index.php\/wp-json\/wp\/v2\/posts"}],"about":[{"href":"https:\/\/jeffersonisac.adv.br\/index.php\/wp-json\/wp\/v2\/types\/post"}],"replies":[{"embeddable":true,"href":"https:\/\/jeffersonisac.adv.br\/index.php\/wp-json\/wp\/v2\/comments?post=3302"}],"version-history":[{"count":0,"href":"https:\/\/jeffersonisac.adv.br\/index.php\/wp-json\/wp\/v2\/posts\/3302\/revisions"}],"wp:attachment":[{"href":"https:\/\/jeffersonisac.adv.br\/index.php\/wp-json\/wp\/v2\/media?parent=3302"}],"wp:term":[{"taxonomy":"category","embeddable":true,"href":"https:\/\/jeffersonisac.adv.br\/index.php\/wp-json\/wp\/v2\/categories?post=3302"},{"taxonomy":"post_tag","embeddable":true,"href":"https:\/\/jeffersonisac.adv.br\/index.php\/wp-json\/wp\/v2\/tags?post=3302"}],"curies":[{"name":"wp","href":"https:\/\/api.w.org\/{rel}","templated":true}]}}