{"id":3304,"date":"2023-11-06T15:52:27","date_gmt":"2023-11-06T18:52:27","guid":{"rendered":"https:\/\/jeffersonisac.adv.br\/index.php\/2023\/11\/06\/lei-transforma-em-monumento-nacional-rota-do-cafe-entre-minas-e-sao-paulo\/"},"modified":"2023-11-06T15:52:27","modified_gmt":"2023-11-06T18:52:27","slug":"lei-transforma-em-monumento-nacional-rota-do-cafe-entre-minas-e-sao-paulo","status":"publish","type":"post","link":"https:\/\/jeffersonisac.adv.br\/index.php\/2023\/11\/06\/lei-transforma-em-monumento-nacional-rota-do-cafe-entre-minas-e-sao-paulo\/","title":{"rendered":"Lei transforma em monumento nacional Rota do Caf\u00e9 entre Minas e S\u00e3o Paulo"},"content":{"rendered":"<div class=\"image-container\">\n<div class=\"midia-creditos\"><em>Divulga\u00e7\u00e3o\/Tiplam via Prefeitura de Uberaba<\/em><\/div>\n<div class=\"media-wrapper\"><\/div>\n<div class=\"midia-legenda\">O Porto de Santos \u00e9 o ponto final da Rota do Caf\u00e9, trajeto usado para escoamento da produ\u00e7\u00e3o cafeeira<\/div>\n<\/div>\n<p>Entrou em vigor a <a class=\"linkLegislacao\" href=\"https:\/\/www2.camara.gov.br\/legin\/fed\/lei\/2023\/lei-14718-1-novembro-2023-794890-norma-pl.html\">Lei 14.718\/23<\/a>, que torna monumento nacional a Rota do Caf\u00e9, trajeto usado para o escoamento da produ\u00e7\u00e3o cafeeira de Minas Gerais com destino ao Porto de Santos, em S\u00e3o Paulo.<\/p>\n<p>A lei foi sancionada sem vetos pelo presidente Luiz In\u00e1cio Lula da Silva e publicada na quarta-feira (1\u00ba).<\/p>\n<p>O texto tem origem em projeto (PL 2971\/11) do deputado Diego Andrade (PSD-MG), aprovado na C\u00e2mara dos Deputados e no Senado.<\/p>\n<p>Atualmente, entre os monumentos nacionais est\u00e3o a Serra da Barriga (AL), onde se desenvolveu o Quilombo dos Palmares, e as cidades de Oeiras (PI), Ouro Preto (MG) e Porto Seguro (BA), entre outras.<\/p>\n<p><strong>Resgate hist\u00f3rico<br \/>\n<\/strong>A Rota do Caf\u00e9 compreende o caminho que se inicia na BR-365, no munic\u00edpio mineiro de Patroc\u00ednio, e passa por 50 cidades de Minas e S\u00e3o Paulo, como Lagoa Formosa, Alfenas e Pouso Alegre, at\u00e9 chegar a Santos.<\/p>\n<p>O deputado Diego Andrade afirma que o objetivo da medida \u00e9 preservar a riqueza cultural da produ\u00e7\u00e3o cafeeira de Minas e contribuir para o resgate hist\u00f3rico da Rota do Caf\u00e9. Ele lembra que durante todo o s\u00e9culo 19 e parte do s\u00e9culo 20, a rota era o caminho em que os carregamentos de caf\u00e9 passavam com destino ao Porto de Santos.<\/p>","protected":false},"excerpt":{"rendered":"<p>Divulga\u00e7\u00e3o\/Tiplam via Prefeitura de Uberaba O Porto de Santos \u00e9 o ponto final da Rota do Caf\u00e9, trajeto usado para escoamento da produ\u00e7\u00e3o cafeeira Entrou em vigor a Lei 14.718\/23, que torna monumento nacional a Rota do Caf\u00e9, trajeto usado para o escoamento da produ\u00e7\u00e3o cafeeira de Minas Gerais com destino ao Porto de Santos, [&hellip;]<\/p>\n","protected":false},"author":0,"featured_media":0,"comment_status":"open","ping_status":"open","sticky":false,"template":"","format":"standard","meta":{"footnotes":""},"categories":[1],"tags":[],"_links":{"self":[{"href":"https:\/\/jeffersonisac.adv.br\/index.php\/wp-json\/wp\/v2\/posts\/3304"}],"collection":[{"href":"https:\/\/jeffersonisac.adv.br\/index.php\/wp-json\/wp\/v2\/posts"}],"about":[{"href":"https:\/\/jeffersonisac.adv.br\/index.php\/wp-json\/wp\/v2\/types\/post"}],"replies":[{"embeddable":true,"href":"https:\/\/jeffersonisac.adv.br\/index.php\/wp-json\/wp\/v2\/comments?post=3304"}],"version-history":[{"count":0,"href":"https:\/\/jeffersonisac.adv.br\/index.php\/wp-json\/wp\/v2\/posts\/3304\/revisions"}],"wp:attachment":[{"href":"https:\/\/jeffersonisac.adv.br\/index.php\/wp-json\/wp\/v2\/media?parent=3304"}],"wp:term":[{"taxonomy":"category","embeddable":true,"href":"https:\/\/jeffersonisac.adv.br\/index.php\/wp-json\/wp\/v2\/categories?post=3304"},{"taxonomy":"post_tag","embeddable":true,"href":"https:\/\/jeffersonisac.adv.br\/index.php\/wp-json\/wp\/v2\/tags?post=3304"}],"curies":[{"name":"wp","href":"https:\/\/api.w.org\/{rel}","templated":true}]}}