{"id":3317,"date":"2023-11-07T09:53:17","date_gmt":"2023-11-07T12:53:17","guid":{"rendered":"https:\/\/jeffersonisac.adv.br\/index.php\/2023\/11\/07\/audiencia-discute-proposta-que-permite-a-professor-acumular-cargos-publicos\/"},"modified":"2023-11-07T09:53:17","modified_gmt":"2023-11-07T12:53:17","slug":"audiencia-discute-proposta-que-permite-a-professor-acumular-cargos-publicos","status":"publish","type":"post","link":"https:\/\/jeffersonisac.adv.br\/index.php\/2023\/11\/07\/audiencia-discute-proposta-que-permite-a-professor-acumular-cargos-publicos\/","title":{"rendered":"Audi\u00eancia discute proposta que permite a professor acumular cargos p\u00fablicos"},"content":{"rendered":"<div class=\"image-container\">\n<div class=\"midia-creditos\"><em>Paulo H Carvalho\/Ag\u00eancia Bras\u00edlia<\/em><\/div>\n<div class=\"media-wrapper\"><\/div>\n<div class=\"midia-legenda\">Constitui\u00e7\u00e3o permite acumular cargo de professor com outro t\u00e9cnico ou cient\u00edfico<\/div>\n<\/div>\n<p>A <span class=\"termoGlossario\">comiss\u00e3o especial<\/span> que discute a possibilidade de professores acumularem outros cargos realiza audi\u00eancia p\u00fablica nesta quarta-feira (8), \u00e0s 14h30, no plen\u00e1rio 8.<\/p>\n<p>O colegiado analisa a <a class=\"linkProposicao\" href=\"https:\/\/www.camara.leg.br\/noticias\/619872-pec-permite-acumulo-de-cargo-de-professor-com-outro-de-qualquer-natureza\">Proposta de Emenda \u00e0 Constitui\u00e7\u00e3o (PEC) 169\/19<\/a>, que\u00a0permite a acumula\u00e7\u00e3o remunerada de um cargo de professor com outro de qualquer natureza. Hoje, a Constitui\u00e7\u00e3o permite o ac\u00famulo de um cargo de professor com outro t\u00e9cnico ou cient\u00edfico.<\/p>\n<p>O autor da PEC, deputado Capit\u00e3o Alberto Neto (Republicanos-AM), afirma que h\u00e1 constantes questionamentos judiciais sobre o conceito de cargo t\u00e9cnico ou cient\u00edfico, por falta de precis\u00e3o.<\/p>\n<p><a href=\"https:\/\/www.camara.leg.br\/evento-legislativo\/70935\">Veja quem foi convidado para discutir o assunto<\/a><\/p>\n<p><strong>Tramita\u00e7\u00e3o<\/strong><br \/>\nA <span class=\"termoGlossario\">admissibilidade<\/span> da PEC j\u00e1 foi aprovada pela Comiss\u00e3o de Constitui\u00e7\u00e3o e Justi\u00e7a e e de Cidadania. Se a comiss\u00e3o especial aprov\u00e1-la o texto seguir\u00e1 para o pelo Plen\u00e1rio da C\u00e2mara.<\/p>\n<p><a href=\"https:\/\/www.camara.leg.br\/noticias\/573448-saiba-mais-sobre-a-tramitacao-de-pecs\/\">Saiba mais sobre a tramita\u00e7\u00e3o de propostas de emenda \u00e0 Constitui\u00e7\u00e3o<\/a><\/p>","protected":false},"excerpt":{"rendered":"<p>Paulo H Carvalho\/Ag\u00eancia Bras\u00edlia Constitui\u00e7\u00e3o permite acumular cargo de professor com outro t\u00e9cnico ou cient\u00edfico A comiss\u00e3o especial que discute a possibilidade de professores acumularem outros cargos realiza audi\u00eancia p\u00fablica nesta quarta-feira (8), \u00e0s 14h30, no plen\u00e1rio 8. O colegiado analisa a Proposta de Emenda \u00e0 Constitui\u00e7\u00e3o (PEC) 169\/19, que\u00a0permite a acumula\u00e7\u00e3o remunerada de um [&hellip;]<\/p>\n","protected":false},"author":0,"featured_media":0,"comment_status":"open","ping_status":"open","sticky":false,"template":"","format":"standard","meta":{"footnotes":""},"categories":[1],"tags":[],"_links":{"self":[{"href":"https:\/\/jeffersonisac.adv.br\/index.php\/wp-json\/wp\/v2\/posts\/3317"}],"collection":[{"href":"https:\/\/jeffersonisac.adv.br\/index.php\/wp-json\/wp\/v2\/posts"}],"about":[{"href":"https:\/\/jeffersonisac.adv.br\/index.php\/wp-json\/wp\/v2\/types\/post"}],"replies":[{"embeddable":true,"href":"https:\/\/jeffersonisac.adv.br\/index.php\/wp-json\/wp\/v2\/comments?post=3317"}],"version-history":[{"count":0,"href":"https:\/\/jeffersonisac.adv.br\/index.php\/wp-json\/wp\/v2\/posts\/3317\/revisions"}],"wp:attachment":[{"href":"https:\/\/jeffersonisac.adv.br\/index.php\/wp-json\/wp\/v2\/media?parent=3317"}],"wp:term":[{"taxonomy":"category","embeddable":true,"href":"https:\/\/jeffersonisac.adv.br\/index.php\/wp-json\/wp\/v2\/categories?post=3317"},{"taxonomy":"post_tag","embeddable":true,"href":"https:\/\/jeffersonisac.adv.br\/index.php\/wp-json\/wp\/v2\/tags?post=3317"}],"curies":[{"name":"wp","href":"https:\/\/api.w.org\/{rel}","templated":true}]}}