{"id":3321,"date":"2023-11-07T11:17:12","date_gmt":"2023-11-07T14:17:12","guid":{"rendered":"https:\/\/jeffersonisac.adv.br\/index.php\/2023\/11\/07\/audiencia-debate-qualidade-de-aparelhos-usados-por-diabeticos-para-medir-glicose\/"},"modified":"2023-11-07T11:17:12","modified_gmt":"2023-11-07T14:17:12","slug":"audiencia-debate-qualidade-de-aparelhos-usados-por-diabeticos-para-medir-glicose","status":"publish","type":"post","link":"https:\/\/jeffersonisac.adv.br\/index.php\/2023\/11\/07\/audiencia-debate-qualidade-de-aparelhos-usados-por-diabeticos-para-medir-glicose\/","title":{"rendered":"Audi\u00eancia debate qualidade de aparelhos usados por diab\u00e9ticos para medir glicose"},"content":{"rendered":"<div class=\"image-container\">\n<div class=\"midia-creditos\"><em>Marcello Casal Jr\/Ag\u00eancia Brasil<\/em><\/div>\n<div class=\"media-wrapper\"><\/div>\n<div class=\"midia-legenda\">Mais de 16 milh\u00f5es de adultos t\u00eam diabetes no Brasil<\/div>\n<\/div>\n<p>A Comiss\u00e3o de Defesa dos Direitos da Pessoa Idosa da C\u00e2mara dos Deputados discute nesta quarta-feira (8) a qualidade dos glicos\u00edmetros usados no Pa\u00eds. Esses aparelhos medem a glicemia para controlar a diabetes.<\/p>\n<p>&#8220;Desde 2016, as associa\u00e7\u00f5es de diabetes t\u00eam conversado com a Anvisa [Ag\u00eancia Nacional de Vigil\u00e2ncia Sanit\u00e1ria] sobre a imprecis\u00e3o dos glicos\u00edmetros&#8221;, afirma o deputado Zacharias Calil (Uni\u00e3o-GO), que pediu a realiza\u00e7\u00e3o do debate.<\/p>\n<p>A ag\u00eancia \u00e9 respons\u00e1vel pela regulamenta\u00e7\u00e3o dos produtos de sa\u00fade no Brasil.<\/p>\n<p>Em 2018, a Anvisa editou a <a href=\"https:\/\/bvsms.saude.gov.br\/bvs\/saudelegis\/anvisa\/2018\/int0024_17_05_2018.pdf\">Instru\u00e7\u00e3o Normativa 24<\/a> com crit\u00e9rios de desempenho de instrumentos de autoteste para glicose.\u00a0&#8220;Mas, para as 24 associa\u00e7\u00f5es de diabetes, integradas pela Coaliz\u00e3o Vozes do Advocacy, o problema ainda n\u00e3o foi totalmente resolvido&#8221;, afirma Calil. As institui\u00e7\u00f5es pedem que a Anvisa fa\u00e7a testes nos glicos\u00edmetros que recebem reclama\u00e7\u00f5es constantes.<\/p>\n<p>Zacharias Calil, que \u00e9 m\u00e9dico, explica que a imprecis\u00e3o do aparelhos pode causar complica\u00e7\u00f5es em diab\u00e9ticos, &#8220;desde epis\u00f3dios de hiperglicemia e hipoglicemia, como tamb\u00e9m podem levar \u00e0 morte&#8221;.<\/p>\n<p>A Federa\u00e7\u00e3o Internacional de Diabetes estima que mais de 16 milh\u00f5es de adultos s\u00e3o afetados pela doen\u00e7a no Brasil.<\/p>\n<p>A audi\u00eancia ser\u00e1 realizada no plen\u00e1rio 12, a partir das 15 horas.<\/p>\n<p><a href=\"https:\/\/www.camara.leg.br\/evento-legislativo\/70337\">Veja quem foi convidado para discutir o assunto<\/a><\/p>\n<p>\u00a0<\/p>\n<div><\/div>\n<p>\u00a0<\/p>","protected":false},"excerpt":{"rendered":"<p>Marcello Casal Jr\/Ag\u00eancia Brasil Mais de 16 milh\u00f5es de adultos t\u00eam diabetes no Brasil A Comiss\u00e3o de Defesa dos Direitos da Pessoa Idosa da C\u00e2mara dos Deputados discute nesta quarta-feira (8) a qualidade dos glicos\u00edmetros usados no Pa\u00eds. Esses aparelhos medem a glicemia para controlar a diabetes. &#8220;Desde 2016, as associa\u00e7\u00f5es de diabetes t\u00eam conversado [&hellip;]<\/p>\n","protected":false},"author":0,"featured_media":0,"comment_status":"open","ping_status":"open","sticky":false,"template":"","format":"standard","meta":{"footnotes":""},"categories":[1],"tags":[],"_links":{"self":[{"href":"https:\/\/jeffersonisac.adv.br\/index.php\/wp-json\/wp\/v2\/posts\/3321"}],"collection":[{"href":"https:\/\/jeffersonisac.adv.br\/index.php\/wp-json\/wp\/v2\/posts"}],"about":[{"href":"https:\/\/jeffersonisac.adv.br\/index.php\/wp-json\/wp\/v2\/types\/post"}],"replies":[{"embeddable":true,"href":"https:\/\/jeffersonisac.adv.br\/index.php\/wp-json\/wp\/v2\/comments?post=3321"}],"version-history":[{"count":0,"href":"https:\/\/jeffersonisac.adv.br\/index.php\/wp-json\/wp\/v2\/posts\/3321\/revisions"}],"wp:attachment":[{"href":"https:\/\/jeffersonisac.adv.br\/index.php\/wp-json\/wp\/v2\/media?parent=3321"}],"wp:term":[{"taxonomy":"category","embeddable":true,"href":"https:\/\/jeffersonisac.adv.br\/index.php\/wp-json\/wp\/v2\/categories?post=3321"},{"taxonomy":"post_tag","embeddable":true,"href":"https:\/\/jeffersonisac.adv.br\/index.php\/wp-json\/wp\/v2\/tags?post=3321"}],"curies":[{"name":"wp","href":"https:\/\/api.w.org\/{rel}","templated":true}]}}