{"id":3337,"date":"2023-11-07T19:58:24","date_gmt":"2023-11-07T22:58:24","guid":{"rendered":"https:\/\/jeffersonisac.adv.br\/index.php\/2023\/11\/07\/deputados-analisam-projeto-sobre-apoio-escolar-a-estudantes-autistas-acompanhe\/"},"modified":"2023-11-07T19:58:24","modified_gmt":"2023-11-07T22:58:24","slug":"deputados-analisam-projeto-sobre-apoio-escolar-a-estudantes-autistas-acompanhe","status":"publish","type":"post","link":"https:\/\/jeffersonisac.adv.br\/index.php\/2023\/11\/07\/deputados-analisam-projeto-sobre-apoio-escolar-a-estudantes-autistas-acompanhe\/","title":{"rendered":"Deputados analisam projeto sobre apoio escolar a estudantes autistas; acompanhe"},"content":{"rendered":"<div class=\"image-container\">\n<div class=\"midia-creditos\"><em>Zeca Ribeiro\/C\u00e2mara dos Deputados<\/em><\/div>\n<div class=\"media-wrapper\"><\/div>\n<div class=\"midia-legenda\">Deputados na sess\u00e3o do Plen\u00e1rio desta ter\u00e7a-feira<\/div>\n<\/div>\n<p>A C\u00e2mara dos Deputados analisa agora proposta que garante como direito a oferta de atendimento educacional especializado a estudantes com Transtorno do Espectro Autista (TEA), seja na escola p\u00fablica ou privada. A medida consta do Projeto de Lei 1874\/15, do ex-deputado Victor Mendes (MA).<\/p>\n<p>Segundo o <span class=\"termoGlossario\">substitutivo<\/span> preliminar da deputada Helena Lima (MDB-RR), as escolas privadas n\u00e3o poder\u00e3o cobrar valores adicionais de qualquer natureza nas mensalidades, anuidades e matr\u00edculas desses estudantes pela oferta de profissionais de apoio escolar.<\/p>\n<p><a href=\"https:\/\/www.youtube.com\/watch?v=2X42-TUotu8\">Assista \u00e0 sess\u00e3o ao vivo<\/a><\/p>\n<p><strong>Mais informa\u00e7\u00f5es em instantes<\/strong><\/p>","protected":false},"excerpt":{"rendered":"<p>Zeca Ribeiro\/C\u00e2mara dos Deputados Deputados na sess\u00e3o do Plen\u00e1rio desta ter\u00e7a-feira A C\u00e2mara dos Deputados analisa agora proposta que garante como direito a oferta de atendimento educacional especializado a estudantes com Transtorno do Espectro Autista (TEA), seja na escola p\u00fablica ou privada. A medida consta do Projeto de Lei 1874\/15, do ex-deputado Victor Mendes (MA). [&hellip;]<\/p>\n","protected":false},"author":0,"featured_media":0,"comment_status":"open","ping_status":"open","sticky":false,"template":"","format":"standard","meta":{"footnotes":""},"categories":[1],"tags":[],"_links":{"self":[{"href":"https:\/\/jeffersonisac.adv.br\/index.php\/wp-json\/wp\/v2\/posts\/3337"}],"collection":[{"href":"https:\/\/jeffersonisac.adv.br\/index.php\/wp-json\/wp\/v2\/posts"}],"about":[{"href":"https:\/\/jeffersonisac.adv.br\/index.php\/wp-json\/wp\/v2\/types\/post"}],"replies":[{"embeddable":true,"href":"https:\/\/jeffersonisac.adv.br\/index.php\/wp-json\/wp\/v2\/comments?post=3337"}],"version-history":[{"count":0,"href":"https:\/\/jeffersonisac.adv.br\/index.php\/wp-json\/wp\/v2\/posts\/3337\/revisions"}],"wp:attachment":[{"href":"https:\/\/jeffersonisac.adv.br\/index.php\/wp-json\/wp\/v2\/media?parent=3337"}],"wp:term":[{"taxonomy":"category","embeddable":true,"href":"https:\/\/jeffersonisac.adv.br\/index.php\/wp-json\/wp\/v2\/categories?post=3337"},{"taxonomy":"post_tag","embeddable":true,"href":"https:\/\/jeffersonisac.adv.br\/index.php\/wp-json\/wp\/v2\/tags?post=3337"}],"curies":[{"name":"wp","href":"https:\/\/api.w.org\/{rel}","templated":true}]}}