{"id":3338,"date":"2023-11-07T19:58:24","date_gmt":"2023-11-07T22:58:24","guid":{"rendered":"https:\/\/jeffersonisac.adv.br\/index.php\/2023\/11\/07\/camara-aprova-novo-prazo-para-municipios-elaborarem-planos-de-mobilidade-urbana\/"},"modified":"2023-11-07T19:58:24","modified_gmt":"2023-11-07T22:58:24","slug":"camara-aprova-novo-prazo-para-municipios-elaborarem-planos-de-mobilidade-urbana","status":"publish","type":"post","link":"https:\/\/jeffersonisac.adv.br\/index.php\/2023\/11\/07\/camara-aprova-novo-prazo-para-municipios-elaborarem-planos-de-mobilidade-urbana\/","title":{"rendered":"C\u00e2mara aprova novo prazo para munic\u00edpios elaborarem planos de mobilidade urbana"},"content":{"rendered":"<div class=\"image-container\">\n<div class=\"midia-creditos\"><em>Zeca Ribeiro\/C\u00e2mara dos Deputados<\/em><\/div>\n<div class=\"media-wrapper\"><\/div>\n<div class=\"midia-legenda\">Deputados na sess\u00e3o do Plen\u00e1rio desta ter\u00e7a-feira<\/div>\n<\/div>\n<p>A C\u00e2mara dos Deputados aprovou nesta ter\u00e7a-feira (7) novo prazo para os munic\u00edpios elaborarem seus planos de mobilidade urbana. Para cidades com mais de 250 mil habitantes, o prazo ser\u00e1 12 de abril de 2024 e, para munic\u00edpios com at\u00e9 250 mil habitantes, 12 de abril de 2025. A proposta ser\u00e1 enviada ao Senado.<\/p>\n<p>Os prazos previstos na <a class=\"linkLegislacao\" href=\"https:\/\/www2.camara.gov.br\/legin\/fed\/lei\/2012\/lei-12587-3-janeiro-2012-612248-norma-pl.html\">Lei 12.587\/12<\/a>, que trata da Pol\u00edtica Nacional de Mobilidade Urbana, acabaram em abril de 2022 e abril de 2023. No caso dos munic\u00edpios com mais de 250 mil habitantes, o prazo acabou em 12 de abril de 2022 e, para aqueles com at\u00e9 250 mil habitantes, o prazo se encerrou em 12 de abril de 2023.<\/p>\n<p>O novo prazo consta do Projeto de Lei 5086\/23, do Poder Executivo, que substituiu a Medida Provis\u00f3ria 1179\/23, cuja vig\u00eancia foi encerrada no in\u00edcio deste m\u00eas. O projeto foi aprovado no Plen\u00e1rio da C\u00e2mara com parecer favor\u00e1vel do relator, deputado Isnaldo Bulh\u00f5es Jr. (MDB-AL).<\/p>\n<p><strong>Recursos para o plano<\/strong><br \/>\nA lei atual prev\u00ea que os munic\u00edpios sem plano aprovado apenas poder\u00e3o solicitar e receber recursos federais destinados a\u0300 mobilidade urbana caso sejam utilizados para a elabora\u00e7\u00e3o do pr\u00f3prio plano.<\/p>\n<p>Dessa forma, o dinheiro de emendas parlamentares n\u00e3o poderia ser destinado a a\u00e7\u00f5es relacionadas ao setor.<\/p>\n<p><strong>Hist\u00f3rico<\/strong><br \/>\nA lei que instituiu a pol\u00edtica, com vig\u00eancia a partir de 2012, deu inicialmente prazo de tr\u00eas anos (2015) para a elabora\u00e7\u00e3o do plano de mobilidade. Em 2016, o prazo foi estendido de 2015 para 2018. Em 2018, concedeu-se mais um ano (2019).<\/p>\n<p>Em 2019, com a MP 906\/19, o prazo foi para abril de 2021 durante sua vig\u00eancia. Mas quando da convers\u00e3o da medida em lei (<a class=\"linkLegislacao\" href=\"https:\/\/www2.camara.gov.br\/legin\/fed\/lei\/2020\/lei-14000-19-maio-2020-790192-norma-pl.html\">Lei 14.000\/20<\/a>), o Congresso estabeleceu o prazo atualmente em prorroga\u00e7\u00e3o: abril de 2022 ou abril de 2023, conforme a popula\u00e7\u00e3o.<\/p>\n<p><a href=\"https:\/\/www.youtube.com\/watch?v=2X42-TUotu8\">Assista \u00e0 sess\u00e3o ao vivo<\/a><\/p>\n<p><a href=\"https:\/\/www.camara.leg.br\/noticias\/573454-SAIBA-MAIS-SOBRE-A-TRAMITACAO-DE-PROJETOS-DE-LEI\">Saiba mais sobre a tramita\u00e7\u00e3o de projetos de lei<\/a><\/p>","protected":false},"excerpt":{"rendered":"<p>Zeca Ribeiro\/C\u00e2mara dos Deputados Deputados na sess\u00e3o do Plen\u00e1rio desta ter\u00e7a-feira A C\u00e2mara dos Deputados aprovou nesta ter\u00e7a-feira (7) novo prazo para os munic\u00edpios elaborarem seus planos de mobilidade urbana. Para cidades com mais de 250 mil habitantes, o prazo ser\u00e1 12 de abril de 2024 e, para munic\u00edpios com at\u00e9 250 mil habitantes, 12 [&hellip;]<\/p>\n","protected":false},"author":0,"featured_media":0,"comment_status":"open","ping_status":"open","sticky":false,"template":"","format":"standard","meta":{"footnotes":""},"categories":[1],"tags":[],"_links":{"self":[{"href":"https:\/\/jeffersonisac.adv.br\/index.php\/wp-json\/wp\/v2\/posts\/3338"}],"collection":[{"href":"https:\/\/jeffersonisac.adv.br\/index.php\/wp-json\/wp\/v2\/posts"}],"about":[{"href":"https:\/\/jeffersonisac.adv.br\/index.php\/wp-json\/wp\/v2\/types\/post"}],"replies":[{"embeddable":true,"href":"https:\/\/jeffersonisac.adv.br\/index.php\/wp-json\/wp\/v2\/comments?post=3338"}],"version-history":[{"count":0,"href":"https:\/\/jeffersonisac.adv.br\/index.php\/wp-json\/wp\/v2\/posts\/3338\/revisions"}],"wp:attachment":[{"href":"https:\/\/jeffersonisac.adv.br\/index.php\/wp-json\/wp\/v2\/media?parent=3338"}],"wp:term":[{"taxonomy":"category","embeddable":true,"href":"https:\/\/jeffersonisac.adv.br\/index.php\/wp-json\/wp\/v2\/categories?post=3338"},{"taxonomy":"post_tag","embeddable":true,"href":"https:\/\/jeffersonisac.adv.br\/index.php\/wp-json\/wp\/v2\/tags?post=3338"}],"curies":[{"name":"wp","href":"https:\/\/api.w.org\/{rel}","templated":true}]}}