{"id":3345,"date":"2023-11-08T07:41:10","date_gmt":"2023-11-08T10:41:10","guid":{"rendered":"https:\/\/jeffersonisac.adv.br\/index.php\/2023\/11\/08\/conselho-de-etica-vota-dois-processos-por-quebra-de-decoro-nesta-quarta\/"},"modified":"2023-11-08T07:41:10","modified_gmt":"2023-11-08T10:41:10","slug":"conselho-de-etica-vota-dois-processos-por-quebra-de-decoro-nesta-quarta","status":"publish","type":"post","link":"https:\/\/jeffersonisac.adv.br\/index.php\/2023\/11\/08\/conselho-de-etica-vota-dois-processos-por-quebra-de-decoro-nesta-quarta\/","title":{"rendered":"Conselho de \u00c9tica vota dois processos por quebra de decoro nesta quarta"},"content":{"rendered":"<div class=\"image-container\">\n<div class=\"midia-creditos\"><em>Renato Ara\u00fajo\/C\u00e2mara dos Deputados<\/em><\/div>\n<div class=\"media-wrapper\"><\/div>\n<div class=\"midia-legenda\">Conselho de \u00c9tica reunido na semana passada<\/div>\n<\/div>\n<p>O <span class=\"termoGlossario\">Conselho de \u00c9tica e Decoro Parlamentar<\/span> da C\u00e2mara dos Deputados re\u00fane-se nesta quarta-feira (8), \u00e0s 11 horas, em plen\u00e1rio a definir, para analisar dois pareceres preliminares sobre acusa\u00e7\u00f5es de quebra de <span class=\"termoGlossario\">decoro<\/span>:<\/p>\n<p>Parecer do deputado Paulo Magalh\u00e3es (PSD-BA) \u00e0 <a href=\"https:\/\/www.camara.leg.br\/proposicoesWeb\/prop_mostrarintegra?codteor=2286088&amp;filename=REP%209\/2023\">Representa\u00e7\u00e3o 9\/23<\/a>, apresentada pelo PL contra a deputada C\u00e9lia Xakriab\u00e1 (Psol-MG).<\/p>\n<p>O partido pede que a deputada seja punida por ter ofendido deputados que votaram a favor do projeto do marco temporal de terras ind\u00edgenas (<a href=\"https:\/\/www.camara.leg.br\/noticias\/967344-CAMARA-APROVA-PROJETO-DO-MARCO-TEMPORAL-PARA-DEMARCACAO-DAS-TERRAS-INDIGENAS\">PL 490\/07<\/a>), no Plen\u00e1rio da C\u00e2mara, no fim de maio.<\/p>\n<p>Magalh\u00e3es ainda n\u00e3o divulgou seu parecer.<\/p>\n<p>Parecer do deputado Gutemberg Reis (MDB-RJ) \u00e0 <a href=\"https:\/\/www.camara.leg.br\/proposicoesWeb\/prop_mostrarintegra?codteor=2307141&amp;filename=REP%2019\/2023\">Representa\u00e7\u00e3o 19\/23<\/a>, apresentada pelo PT contra o deputado Andr\u00e9 Fernandes (PL-CE) por supostas falas discriminat\u00f3rias durante a vota\u00e7\u00e3o da reforma tribut\u00e1ria.<\/p>\n<p>Gutemberg Reis tamb\u00e9m n\u00e3o divulgou seu parecer.<\/p>\n<p><a href=\"https:\/\/www.camara.leg.br\/evento-legislativo\/70873\">Confira a pauta completa<\/a><\/p>","protected":false},"excerpt":{"rendered":"<p>Renato Ara\u00fajo\/C\u00e2mara dos Deputados Conselho de \u00c9tica reunido na semana passada O Conselho de \u00c9tica e Decoro Parlamentar da C\u00e2mara dos Deputados re\u00fane-se nesta quarta-feira (8), \u00e0s 11 horas, em plen\u00e1rio a definir, para analisar dois pareceres preliminares sobre acusa\u00e7\u00f5es de quebra de decoro: Parecer do deputado Paulo Magalh\u00e3es (PSD-BA) \u00e0 Representa\u00e7\u00e3o 9\/23, apresentada pelo [&hellip;]<\/p>\n","protected":false},"author":0,"featured_media":0,"comment_status":"open","ping_status":"open","sticky":false,"template":"","format":"standard","meta":{"footnotes":""},"categories":[1],"tags":[],"_links":{"self":[{"href":"https:\/\/jeffersonisac.adv.br\/index.php\/wp-json\/wp\/v2\/posts\/3345"}],"collection":[{"href":"https:\/\/jeffersonisac.adv.br\/index.php\/wp-json\/wp\/v2\/posts"}],"about":[{"href":"https:\/\/jeffersonisac.adv.br\/index.php\/wp-json\/wp\/v2\/types\/post"}],"replies":[{"embeddable":true,"href":"https:\/\/jeffersonisac.adv.br\/index.php\/wp-json\/wp\/v2\/comments?post=3345"}],"version-history":[{"count":0,"href":"https:\/\/jeffersonisac.adv.br\/index.php\/wp-json\/wp\/v2\/posts\/3345\/revisions"}],"wp:attachment":[{"href":"https:\/\/jeffersonisac.adv.br\/index.php\/wp-json\/wp\/v2\/media?parent=3345"}],"wp:term":[{"taxonomy":"category","embeddable":true,"href":"https:\/\/jeffersonisac.adv.br\/index.php\/wp-json\/wp\/v2\/categories?post=3345"},{"taxonomy":"post_tag","embeddable":true,"href":"https:\/\/jeffersonisac.adv.br\/index.php\/wp-json\/wp\/v2\/tags?post=3345"}],"curies":[{"name":"wp","href":"https:\/\/api.w.org\/{rel}","templated":true}]}}