{"id":3368,"date":"2023-11-08T16:58:46","date_gmt":"2023-11-08T19:58:46","guid":{"rendered":"https:\/\/jeffersonisac.adv.br\/index.php\/2023\/11\/08\/duas-comissoes-da-camara-vao-debater-saude-e-seguranca-dos-policiais-penais\/"},"modified":"2023-11-08T16:58:46","modified_gmt":"2023-11-08T19:58:46","slug":"duas-comissoes-da-camara-vao-debater-saude-e-seguranca-dos-policiais-penais","status":"publish","type":"post","link":"https:\/\/jeffersonisac.adv.br\/index.php\/2023\/11\/08\/duas-comissoes-da-camara-vao-debater-saude-e-seguranca-dos-policiais-penais\/","title":{"rendered":"Duas comiss\u00f5es da C\u00e2mara v\u00e3o debater sa\u00fade e seguran\u00e7a dos policiais penais"},"content":{"rendered":"<div class=\"image-container\">\n<div class=\"midia-creditos\"><em>Mayke Toscano\/Secom-MT<\/em><\/div>\n<div class=\"media-wrapper\"><\/div>\n<div class=\"midia-legenda\">Superlota\u00e7\u00e3o dos pres\u00eddios e aus\u00eancia de equipamentos de seguran\u00e7a s\u00e3o desafios da profiss\u00e3o<\/div>\n<\/div>\n<p>As comiss\u00f5es de Administra\u00e7\u00e3o e Servi\u00e7o P\u00fablico; Seguran\u00e7a P\u00fablica e Combate ao Crime Organizado da C\u00e2mara dos Deputados promovem audi\u00eancia p\u00fablica nesta quinta-feira (9) sobre sa\u00fade e seguran\u00e7a no ambiente de trabalho dos policiais penais.<\/p>\n<p>Os deputados Pastor Henrique Vieira (Psol-RJ) e Professora Luciene Cavalcante (Psol-SP) sugeriram a realiza\u00e7\u00e3o do debate. Eles destacam que o trabalho desses profissionais \u00e9 realizado em &#8220;ambiente desafiador e potencialmente perigoso&#8221;, por conta de aspectos como a superlota\u00e7\u00e3o dos pres\u00eddios, defici\u00eancias estruturais nas instala\u00e7\u00f5es e a aus\u00eancia de equipamentos de seguran\u00e7a apropriados.<\/p>\n<p>&#8220;Essas condi\u00e7\u00f5es adversas contribuem para o aumento dos riscos ocupacionais e afetam diretamente a seguran\u00e7a e o bem-estar dos policiais penais, podendo resultar em consequ\u00eancias negativas para sua sa\u00fade f\u00edsica e mental, como contamina\u00e7\u00e3o por radia\u00e7\u00e3o, ansiedade, transtornos do sono e at\u00e9 mesmo traumas psicol\u00f3gicos&#8221;, alertam no requerimento para realiza\u00e7\u00e3o da audi\u00eancia p\u00fablica.<\/p>\n<p>O debate ocorre \u00e0s 14 horas, no plen\u00e1rio 8. <a href=\"https:\/\/www.camara.leg.br\/evento-legislativo\/70281\">Confira a lista de convidados<\/a>.<\/p>","protected":false},"excerpt":{"rendered":"<p>Mayke Toscano\/Secom-MT Superlota\u00e7\u00e3o dos pres\u00eddios e aus\u00eancia de equipamentos de seguran\u00e7a s\u00e3o desafios da profiss\u00e3o As comiss\u00f5es de Administra\u00e7\u00e3o e Servi\u00e7o P\u00fablico; Seguran\u00e7a P\u00fablica e Combate ao Crime Organizado da C\u00e2mara dos Deputados promovem audi\u00eancia p\u00fablica nesta quinta-feira (9) sobre sa\u00fade e seguran\u00e7a no ambiente de trabalho dos policiais penais. Os deputados Pastor Henrique Vieira [&hellip;]<\/p>\n","protected":false},"author":0,"featured_media":0,"comment_status":"open","ping_status":"open","sticky":false,"template":"","format":"standard","meta":{"footnotes":""},"categories":[1],"tags":[],"_links":{"self":[{"href":"https:\/\/jeffersonisac.adv.br\/index.php\/wp-json\/wp\/v2\/posts\/3368"}],"collection":[{"href":"https:\/\/jeffersonisac.adv.br\/index.php\/wp-json\/wp\/v2\/posts"}],"about":[{"href":"https:\/\/jeffersonisac.adv.br\/index.php\/wp-json\/wp\/v2\/types\/post"}],"replies":[{"embeddable":true,"href":"https:\/\/jeffersonisac.adv.br\/index.php\/wp-json\/wp\/v2\/comments?post=3368"}],"version-history":[{"count":0,"href":"https:\/\/jeffersonisac.adv.br\/index.php\/wp-json\/wp\/v2\/posts\/3368\/revisions"}],"wp:attachment":[{"href":"https:\/\/jeffersonisac.adv.br\/index.php\/wp-json\/wp\/v2\/media?parent=3368"}],"wp:term":[{"taxonomy":"category","embeddable":true,"href":"https:\/\/jeffersonisac.adv.br\/index.php\/wp-json\/wp\/v2\/categories?post=3368"},{"taxonomy":"post_tag","embeddable":true,"href":"https:\/\/jeffersonisac.adv.br\/index.php\/wp-json\/wp\/v2\/tags?post=3368"}],"curies":[{"name":"wp","href":"https:\/\/api.w.org\/{rel}","templated":true}]}}