{"id":3372,"date":"2023-11-08T18:04:21","date_gmt":"2023-11-08T21:04:21","guid":{"rendered":"https:\/\/jeffersonisac.adv.br\/index.php\/2023\/11\/08\/deputados-de-oposicao-protestam-contra-obrigatoriedade-de-vacinacao-contra-covid-em-criancas\/"},"modified":"2023-11-08T18:04:21","modified_gmt":"2023-11-08T21:04:21","slug":"deputados-de-oposicao-protestam-contra-obrigatoriedade-de-vacinacao-contra-covid-em-criancas","status":"publish","type":"post","link":"https:\/\/jeffersonisac.adv.br\/index.php\/2023\/11\/08\/deputados-de-oposicao-protestam-contra-obrigatoriedade-de-vacinacao-contra-covid-em-criancas\/","title":{"rendered":"Deputados de oposi\u00e7\u00e3o protestam contra obrigatoriedade de vacina\u00e7\u00e3o contra Covid em crian\u00e7as"},"content":{"rendered":"<div class=\"image-container\">\n<div class=\"midia-creditos\"><em>Bruno Spada\/C\u00e2mara dos Deputados<\/em><\/div>\n<div class=\"media-wrapper\"><\/div>\n<div class=\"midia-legenda\">O debate ocorreu na Comiss\u00e3o de Fiscaliza\u00e7\u00e3o Financeira e Controle<\/div>\n<\/div>\n<p>A obrigatoriedade da aplica\u00e7\u00e3o da vacina contra a Covid-19 em crian\u00e7as de 6 meses a 5 anos a partir do ano que vem dividiu opini\u00f5es em audi\u00eancia p\u00fablica da Comiss\u00e3o de Fiscaliza\u00e7\u00e3o Financeira e Controle da C\u00e2mara nesta quarta-feira (8).<\/p>\n<p>O debate foi provocado pelo an\u00fancio do Minist\u00e9rio da Sa\u00fade de que a imuniza\u00e7\u00e3o contra o coronav\u00edrus vai ser incorporada ao calend\u00e1rio vacinal do Programa Nacional de Imuniza\u00e7\u00f5es (PNI) em 2024. Apesar dos protestos de deputados de oposi\u00e7\u00e3o, o diretor do PNI, \u00c9der Gatti, afirmou que a obrigatoriedade est\u00e1 mantida.<\/p>\n<p>Ele levou n\u00fameros \u00e0 audi\u00eancia p\u00fablica mostrando que, mesmo neste ano, depois da fase mais aguda da pandemia, existem casos de hospitaliza\u00e7\u00e3o e \u00f3bitos por Covid-19 entre menores de 19 anos. Tamb\u00e9m citou <a class=\"linkLegislacao\" href=\"https:\/\/www2.camara.gov.br\/legin\/fed\/lei\/1970-1979\/lei-6259-30-outubro-1975-357094-norma-pl.html\">Lei 6.259\/75<\/a>, que criou o PNI, e que diz que cabe ao programa a defini\u00e7\u00e3o das vacinas de car\u00e1ter obrigat\u00f3rio.<\/p>\n<p>O diretor do Programa Nacional de Imuniza\u00e7\u00f5es invocou ainda o <a class=\"linkLegislacao\" href=\"https:\/\/www2.camara.gov.br\/legin\/fed\/lei\/1990\/lei-8069-13-julho-1990-372211-norma-pl.html\">Estatuto da Crian\u00e7a e do Adolescente<\/a>, que d\u00e1 ao p\u00fablico infanto-juvenil o direito \u00e0 vida e \u00e0 sa\u00fade e prev\u00ea a vacina\u00e7\u00e3o obrigat\u00f3ria nos casos recomendados pelas autoridades sanit\u00e1rias.<\/p>\n<p>\u201cPara o PNI, \u00e9 um procedimento normal, baseado em evid\u00eancias epidemiol\u00f3gicas, evid\u00eancias de seguran\u00e7a, imunogenicidade, efetividade. Enfim, coisas que embasam essa decis\u00e3o e que inclusive foram discutidas por uma c\u00e2mara t\u00e9cnica. Ent\u00e3o, o PNI est\u00e1 cumprindo a lei\u201d.<\/p>\n<div class=\"image-container\">\n<div class=\"midia-creditos\"><em>Bruno Spada\/C\u00e2mara dos Deputados<\/em><\/div>\n<div class=\"media-wrapper\"><\/div>\n<div class=\"midia-legenda\">\u00c9der Gatti: procedimento \u00e9 baseado em evid\u00eancias cient\u00edficas<\/div>\n<\/div>\n<p><strong>Baixo risco<\/strong><br \/>\nForam convidados para a audi\u00eancia p\u00fablica tr\u00eas profissionais de sa\u00fade contr\u00e1rios \u00e0 obrigatoriedade da vacina contra a Covid-19 para crian\u00e7as. Afirmaram que \u00e9 pequeno o n\u00famero de casos e \u00f3bitos em crian\u00e7as e adolescentes no Brasil e no mundo. Ressaltaram tamb\u00e9m que a vacina n\u00e3o imuniza contra novas variantes.<\/p>\n<p>O infectologista Francisco Cardoso, por exemplo, informou que a Organiza\u00e7\u00e3o Mundial da Sa\u00fade (OMS) classifica crian\u00e7as de 0 a 5 anos como grupo de baixo risco para Covid-19. Ele apontou efeitos colaterais das vacinas feitas com a t\u00e9cnica do RNA Mensageiro, como problemas card\u00edacos.<\/p>\n<p>Ele disse ainda que a vacina n\u00e3o impede a transmiss\u00e3o da doen\u00e7a. \u201cTodos os estudos feitos at\u00e9 hoje de efici\u00eancia e efic\u00e1cia da vacina da Covid-19 medem apenas a produ\u00e7\u00e3o de anticorpo neutralizante, mas n\u00e3o medem a redu\u00e7\u00e3o de carga viral, que \u00e9 o que vai dizer se houve efici\u00eancia ou n\u00e3o da vacina\u201d.<\/p>\n<p>A maioria dos deputados que participaram da audi\u00eancia, todos de oposi\u00e7\u00e3o, reivindicou que a obrigatoriedade da vacina seja revista e que se deixe para os pais decidirem se imunizam os filhos. Os parlamentares argumentaram que os estudos cient\u00edficos ainda s\u00e3o muito recentes.<\/p>\n<p>Presidente da Comiss\u00e3o de Fiscaliza\u00e7\u00e3o Financeira e Controle, a deputada Bia Kicis (PL-DF) negou que os parlamentares sejam \u201cantivacinas&#8221; e disse que a discuss\u00e3o n\u00e3o deve ser politizada. \u201cExiste uma elite globalista que quer, sim, for\u00e7ar essa vacina\u00e7\u00e3o, inclusive em beb\u00eas, e o Brasil est\u00e1 sendo pioneiro nessa obriga\u00e7\u00e3o. No resto do mundo, at\u00e9 pode se recomendar, mas n\u00e3o se obriga. V\u00e3o come\u00e7ar pelo Brasil pra depois come\u00e7ar a obrigar nos outros lugares tamb\u00e9m?\u201d.<\/p>\n<p><strong>Responsabilidade<\/strong><br \/>\nM\u00e9dico sanitarista, o deputado Jorge Solla (PT-BA) salientou a queda nos \u00edndices de vacina\u00e7\u00e3o, resultado da falta de credibilidade dos imunizantes perante parte da popula\u00e7\u00e3o. \u201cEu fico muito preocupado porque n\u00f3s n\u00e3o podemos contribuir para piorar ainda mais a cobertura da vacina\u00e7\u00e3o n\u00e3o s\u00f3 de Covid-19, mas de todas as vacinas. \u00c9 responsabilidade dessa Casa, dos profissionais de sa\u00fade e do Estado brasileiro\u201d, disse.<\/p>\n<p>A Comiss\u00e3o de Fiscaliza\u00e7\u00e3o Financeira e Controle aprovou nesta semana convite \u00e0 ministra da Sa\u00fade, Nisia Trindade, para falar sobre a inclus\u00e3o da vacina da Covid-19 no Programa Nacional de Imuniza\u00e7\u00f5es (PNI) a partir de 2024. A audi\u00eancia p\u00fablica est\u00e1 marcada para 28 de novembro.<\/p>","protected":false},"excerpt":{"rendered":"<p>Bruno Spada\/C\u00e2mara dos Deputados O debate ocorreu na Comiss\u00e3o de Fiscaliza\u00e7\u00e3o Financeira e Controle A obrigatoriedade da aplica\u00e7\u00e3o da vacina contra a Covid-19 em crian\u00e7as de 6 meses a 5 anos a partir do ano que vem dividiu opini\u00f5es em audi\u00eancia p\u00fablica da Comiss\u00e3o de Fiscaliza\u00e7\u00e3o Financeira e Controle da C\u00e2mara nesta quarta-feira (8). O [&hellip;]<\/p>\n","protected":false},"author":0,"featured_media":0,"comment_status":"open","ping_status":"open","sticky":false,"template":"","format":"standard","meta":{"footnotes":""},"categories":[1],"tags":[],"_links":{"self":[{"href":"https:\/\/jeffersonisac.adv.br\/index.php\/wp-json\/wp\/v2\/posts\/3372"}],"collection":[{"href":"https:\/\/jeffersonisac.adv.br\/index.php\/wp-json\/wp\/v2\/posts"}],"about":[{"href":"https:\/\/jeffersonisac.adv.br\/index.php\/wp-json\/wp\/v2\/types\/post"}],"replies":[{"embeddable":true,"href":"https:\/\/jeffersonisac.adv.br\/index.php\/wp-json\/wp\/v2\/comments?post=3372"}],"version-history":[{"count":0,"href":"https:\/\/jeffersonisac.adv.br\/index.php\/wp-json\/wp\/v2\/posts\/3372\/revisions"}],"wp:attachment":[{"href":"https:\/\/jeffersonisac.adv.br\/index.php\/wp-json\/wp\/v2\/media?parent=3372"}],"wp:term":[{"taxonomy":"category","embeddable":true,"href":"https:\/\/jeffersonisac.adv.br\/index.php\/wp-json\/wp\/v2\/categories?post=3372"},{"taxonomy":"post_tag","embeddable":true,"href":"https:\/\/jeffersonisac.adv.br\/index.php\/wp-json\/wp\/v2\/tags?post=3372"}],"curies":[{"name":"wp","href":"https:\/\/api.w.org\/{rel}","templated":true}]}}