{"id":3378,"date":"2023-11-08T21:33:46","date_gmt":"2023-11-09T00:33:46","guid":{"rendered":"https:\/\/jeffersonisac.adv.br\/index.php\/2023\/11\/08\/predio-do-congresso-nacional-exibe-frases-de-apoio-a-protecao-da-mata-atlantica\/"},"modified":"2023-11-08T21:33:46","modified_gmt":"2023-11-09T00:33:46","slug":"predio-do-congresso-nacional-exibe-frases-de-apoio-a-protecao-da-mata-atlantica","status":"publish","type":"post","link":"https:\/\/jeffersonisac.adv.br\/index.php\/2023\/11\/08\/predio-do-congresso-nacional-exibe-frases-de-apoio-a-protecao-da-mata-atlantica\/","title":{"rendered":"Pr\u00e9dio do Congresso Nacional exibe frases de apoio \u00e0 prote\u00e7\u00e3o da Mata Atl\u00e2ntica"},"content":{"rendered":"<div class=\"image-container\">\n<div class=\"midia-creditos\"><em>Pierre Triboli\/C\u00e2mara dos Deputados<\/em><\/div>\n<div class=\"media-wrapper\"><\/div>\n<div class=\"midia-legenda\">Congresso Nacional recebe proje\u00e7\u00e3o da frase &#8220;Defenda a Mata Atl\u00e2ntica&#8221;<\/div>\n<\/div>\n<p>Imagens em apoio \u00e0 prote\u00e7\u00e3o da Mata Atl\u00e2ntica foram projetadas na noite desta quarta-feira (8) nas torres do Congresso Nacional. Segundo a Frente Parlamentar Ambientalista, o bioma enfrentar\u00e1 s\u00e9rias amea\u00e7as em caso de derrubada de veto presidencial a dispositivos que flexibilizavam a aplica\u00e7\u00e3o da Lei da Mata Atl\u00e2ntica (<a class=\"linkLegislacao\" href=\"https:\/\/www2.camara.gov.br\/legin\/fed\/lei\/2006\/lei-11428-22-dezembro-2006-548704-norma-pl.html\">Lei 11.428\/06<\/a>).<\/p>\n<p>&#8220;A Mata Atl\u00e2ntica, que j\u00e1 teve mais de 75% do seu territ\u00f3rio devastado, enfrenta amea\u00e7as s\u00e9rias se os vetos presidenciais ao PLV 6\/23 forem derrubados. Isso significa mais supress\u00e3o de vegeta\u00e7\u00e3o, expans\u00e3o urbana descontrolada e risco para nossa biodiversidade&#8221;, diz nota divulgada pela frente parlamentar em perfil nas redes sociais.<\/p>\n<p>Vetos do presidente Luiz In\u00e1cio Lula da Silva ser\u00e3o analisados por deputados e senadores em <a href=\"https:\/\/www.camara.leg.br\/noticias\/1015004-congresso-tem-sessao-nesta-quinta-veto-ao-marco-temporal-esta-na-pauta-de-votacoes\/\">sess\u00e3o do Congresso Nacional nesta quinta-feira (9)<\/a>. O veto relacionado \u00e0 Mata Atl\u00e2ntica \u00e9 um veto parcial ao Projeto de Lei de Convers\u00e3o 6\/23, oriundo da Medida Provis\u00f3ria 1150\/22, transformada na <a class=\"linkLegislacao\" href=\"https:\/\/www2.camara.gov.br\/legin\/fed\/lei\/2023\/lei-14595-5-junho-2023-794260-norma-pl.html\">Lei 14.595\/23<\/a>.<\/p>\n<p>Entre outros pontos, o <a href=\"https:\/\/www.camara.leg.br\/noticias\/965442-CAMARA-APROVA-MP-SOBRE-PRAZO-DE-REGULARIZACAO-AMBIENTAL-E-REGRAS-SOBRE-SUPRESSAO-DA-MATA-ATLANTICA\">texto aprovado pela C\u00e2mara dos Deputados<\/a> e depois parcialmente vetado pelo presidente da Rep\u00fablica permitiria o desmatamento do bioma quando da implanta\u00e7\u00e3o de linhas de transmiss\u00e3o de energia el\u00e9trica, de gasoduto ou de sistemas de abastecimento p\u00fablico de \u00e1gua sem necessidade de estudo pr\u00e9vio de impacto ambiental (EIA) ou compensa\u00e7\u00e3o de qualquer natureza.<\/p>","protected":false},"excerpt":{"rendered":"<p>Pierre Triboli\/C\u00e2mara dos Deputados Congresso Nacional recebe proje\u00e7\u00e3o da frase &#8220;Defenda a Mata Atl\u00e2ntica&#8221; Imagens em apoio \u00e0 prote\u00e7\u00e3o da Mata Atl\u00e2ntica foram projetadas na noite desta quarta-feira (8) nas torres do Congresso Nacional. Segundo a Frente Parlamentar Ambientalista, o bioma enfrentar\u00e1 s\u00e9rias amea\u00e7as em caso de derrubada de veto presidencial a dispositivos que flexibilizavam [&hellip;]<\/p>\n","protected":false},"author":0,"featured_media":0,"comment_status":"open","ping_status":"open","sticky":false,"template":"","format":"standard","meta":{"footnotes":""},"categories":[1],"tags":[],"_links":{"self":[{"href":"https:\/\/jeffersonisac.adv.br\/index.php\/wp-json\/wp\/v2\/posts\/3378"}],"collection":[{"href":"https:\/\/jeffersonisac.adv.br\/index.php\/wp-json\/wp\/v2\/posts"}],"about":[{"href":"https:\/\/jeffersonisac.adv.br\/index.php\/wp-json\/wp\/v2\/types\/post"}],"replies":[{"embeddable":true,"href":"https:\/\/jeffersonisac.adv.br\/index.php\/wp-json\/wp\/v2\/comments?post=3378"}],"version-history":[{"count":0,"href":"https:\/\/jeffersonisac.adv.br\/index.php\/wp-json\/wp\/v2\/posts\/3378\/revisions"}],"wp:attachment":[{"href":"https:\/\/jeffersonisac.adv.br\/index.php\/wp-json\/wp\/v2\/media?parent=3378"}],"wp:term":[{"taxonomy":"category","embeddable":true,"href":"https:\/\/jeffersonisac.adv.br\/index.php\/wp-json\/wp\/v2\/categories?post=3378"},{"taxonomy":"post_tag","embeddable":true,"href":"https:\/\/jeffersonisac.adv.br\/index.php\/wp-json\/wp\/v2\/tags?post=3378"}],"curies":[{"name":"wp","href":"https:\/\/api.w.org\/{rel}","templated":true}]}}