{"id":3382,"date":"2023-11-08T21:33:46","date_gmt":"2023-11-09T00:33:46","guid":{"rendered":"https:\/\/jeffersonisac.adv.br\/index.php\/2023\/11\/08\/ccj-aprova-mobilidade-e-acessibilidade-como-direitos-fundamentais\/"},"modified":"2023-11-08T21:33:46","modified_gmt":"2023-11-09T00:33:46","slug":"ccj-aprova-mobilidade-e-acessibilidade-como-direitos-fundamentais","status":"publish","type":"post","link":"https:\/\/jeffersonisac.adv.br\/index.php\/2023\/11\/08\/ccj-aprova-mobilidade-e-acessibilidade-como-direitos-fundamentais\/","title":{"rendered":"CCJ aprova mobilidade e acessibilidade como direitos fundamentais"},"content":{"rendered":"<div class=\"image-container\">\n<div class=\"midia-creditos\"><em>Mario Agra \/ C\u00e2mara dos Deputados<\/em><\/div>\n<div class=\"media-wrapper\"><\/div>\n<div class=\"midia-legenda\">A relatora Laura Carneiro: &#8220;Materialidade dos direitos \u00e9 inequ\u00edvoca&#8221;<\/div>\n<\/div>\n<p><span>A Comiss\u00e3o de Constitui\u00e7\u00e3o e Justi\u00e7a e de Cidadania (CCJ) da C\u00e2mara dos Deputados aprovou parecer pela <span class=\"termoGlossario\">admissibilidade<\/span> da Proposta de Emenda \u00e0 Constitui\u00e7\u00e3o (PEC) 33\/21, que inclui a <\/span><span>acessibilidade e a mobilidade como direitos fundamentais na Constitui\u00e7\u00e3o Federal. <\/span><span>A proposta j\u00e1 foi aprovada pelo Senado e recebeu parecer favor\u00e1ve da relatora, deputada Laura Carneiro (PSD-RJ).<\/span><\/p>\n<p><span>Segundo Laura Carneiro, os direitos \u00e0 mobilidade e \u00e0 acessibilidade j\u00e1 s\u00e3o impl\u00edcitos na Constitui\u00e7\u00e3o, mas merecem estar expl\u00edcitos. \u201cEsses direitos decorrem do regime pol\u00edtico e dos princ\u00edpios constitucionais, ou previstos em tratados internacionais, como \u00e9 o caso da Conven\u00e7\u00e3o Internacional sobre os Direitos das Pessoas com Defici\u00eancia\u201d, explicou a relatora.<\/span><\/p>\n<p><span>\u201cSua materialidade, portanto, \u00e9 inequ\u00edvoca, bem como sua essencialidade para as pessoas com defici\u00eancia, o que justifica a sua positiva\u00e7\u00e3o e o compromisso estatal de engendrar modelos normativos eficazes \u00e0 sua efetiva\u00e7\u00e3o concreta\u201d, defendeu.<\/span><\/p>\n<p><span>A CCJ analisa apenas a constitucionalidade e outros aspectos t\u00e9cnicos de propostas de emenda \u00e0 Constitui\u00e7\u00e3o. A PEC 33\/21 ainda precisa ser analisada por uma <span class=\"termoGlossario\">comiss\u00e3o especial<\/span> e pelo Plen\u00e1rio, em dois turnos de vota\u00e7\u00e3o.\u00a0<\/span><\/p>\n<p><a href=\"https:\/\/www.camara.leg.br\/noticias\/573448-saiba-mais-sobre-a-tramitacao-de-pecs\/\">Saiba mais sobre a tramita\u00e7\u00e3o de propostas de emenda \u00e0 Constitui\u00e7\u00e3o<\/a><\/p>","protected":false},"excerpt":{"rendered":"<p>Mario Agra \/ C\u00e2mara dos Deputados A relatora Laura Carneiro: &#8220;Materialidade dos direitos \u00e9 inequ\u00edvoca&#8221; A Comiss\u00e3o de Constitui\u00e7\u00e3o e Justi\u00e7a e de Cidadania (CCJ) da C\u00e2mara dos Deputados aprovou parecer pela admissibilidade da Proposta de Emenda \u00e0 Constitui\u00e7\u00e3o (PEC) 33\/21, que inclui a acessibilidade e a mobilidade como direitos fundamentais na Constitui\u00e7\u00e3o Federal. A [&hellip;]<\/p>\n","protected":false},"author":0,"featured_media":0,"comment_status":"open","ping_status":"open","sticky":false,"template":"","format":"standard","meta":{"footnotes":""},"categories":[1],"tags":[],"_links":{"self":[{"href":"https:\/\/jeffersonisac.adv.br\/index.php\/wp-json\/wp\/v2\/posts\/3382"}],"collection":[{"href":"https:\/\/jeffersonisac.adv.br\/index.php\/wp-json\/wp\/v2\/posts"}],"about":[{"href":"https:\/\/jeffersonisac.adv.br\/index.php\/wp-json\/wp\/v2\/types\/post"}],"replies":[{"embeddable":true,"href":"https:\/\/jeffersonisac.adv.br\/index.php\/wp-json\/wp\/v2\/comments?post=3382"}],"version-history":[{"count":0,"href":"https:\/\/jeffersonisac.adv.br\/index.php\/wp-json\/wp\/v2\/posts\/3382\/revisions"}],"wp:attachment":[{"href":"https:\/\/jeffersonisac.adv.br\/index.php\/wp-json\/wp\/v2\/media?parent=3382"}],"wp:term":[{"taxonomy":"category","embeddable":true,"href":"https:\/\/jeffersonisac.adv.br\/index.php\/wp-json\/wp\/v2\/categories?post=3382"},{"taxonomy":"post_tag","embeddable":true,"href":"https:\/\/jeffersonisac.adv.br\/index.php\/wp-json\/wp\/v2\/tags?post=3382"}],"curies":[{"name":"wp","href":"https:\/\/api.w.org\/{rel}","templated":true}]}}