{"id":3390,"date":"2023-11-09T07:16:57","date_gmt":"2023-11-09T10:16:57","guid":{"rendered":"https:\/\/jeffersonisac.adv.br\/index.php\/2023\/11\/09\/cancelado-o-debate-na-comissao-de-agricultura-sobre-renegociacao-de-debitos-de-fundos-constitucionais\/"},"modified":"2023-11-09T07:16:57","modified_gmt":"2023-11-09T10:16:57","slug":"cancelado-o-debate-na-comissao-de-agricultura-sobre-renegociacao-de-debitos-de-fundos-constitucionais","status":"publish","type":"post","link":"https:\/\/jeffersonisac.adv.br\/index.php\/2023\/11\/09\/cancelado-o-debate-na-comissao-de-agricultura-sobre-renegociacao-de-debitos-de-fundos-constitucionais\/","title":{"rendered":"Cancelado o debate na Comiss\u00e3o de Agricultura sobre renegocia\u00e7\u00e3o de d\u00e9bitos de fundos constitucionais"},"content":{"rendered":"<div class=\"image-container\">\n<div class=\"midia-creditos\"><em>Foto: Ari Dias\/AEN<\/em><\/div>\n<div class=\"media-wrapper\"><\/div>\n<div class=\"midia-legenda\">Prazo maior para renegocia\u00e7\u00e3o pode beneficiar empreendedores do Norte, Nordeste e Centro-Oeste<\/div>\n<\/div>\n<p>A Comiss\u00e3o de Agricultura, Pecu\u00e1ria, Abastecimento e Desenvolvimento Rural da C\u00e2mara dos Deputados cancelou o debate previsto para realizar nesta quinta-feira (9) sobre a renegocia\u00e7\u00e3o de d\u00e9bitos dos Fundos Constitucionais do Norte, Nordeste e Centro Oeste. Ainda n\u00e3o foi definida uma nova data para o evento.<\/p>\n<p>O pedido para realiza\u00e7\u00e3o do debate foi apresentado pela deputada Roberta Roma (PL-BA). Ela quer discutir a regulamenta\u00e7\u00e3o da <a class=\"linkLegislacao\" href=\"https:\/\/www2.camara.gov.br\/legin\/fed\/lei\/2023\/lei-14554-20-abril-2023-794081-norma-pl.html\">Lei 14554\/23<\/a>, que ampliou o prazo para renegocia\u00e7\u00e3o dos d\u00e9bitos desses fundos at\u00e9 24 de abril do ano que vem. Roma considera urgente a publica\u00e7\u00e3o da regulamenta\u00e7\u00e3o.<\/p>\n<p>&#8220;Para permitir que milhares de empreendedores do Norte, Nordeste e Centro-Oeste, que contrataram suas opera\u00e7\u00f5es com recursos dos Fundos Constitucionais, possam efetivamente aderir aos mecanismos previstos na lei. Apesar do impacto positivo para os fundos e para os mutu\u00e1rios, o volume renegociado foi quase insignificante, pois menos de 5% tiveram tempo ou condi\u00e7\u00f5es para aderir&#8221;, destacou.<\/p>\n<p>\u00a0<\/p>","protected":false},"excerpt":{"rendered":"<p>Foto: Ari Dias\/AEN Prazo maior para renegocia\u00e7\u00e3o pode beneficiar empreendedores do Norte, Nordeste e Centro-Oeste A Comiss\u00e3o de Agricultura, Pecu\u00e1ria, Abastecimento e Desenvolvimento Rural da C\u00e2mara dos Deputados cancelou o debate previsto para realizar nesta quinta-feira (9) sobre a renegocia\u00e7\u00e3o de d\u00e9bitos dos Fundos Constitucionais do Norte, Nordeste e Centro Oeste. Ainda n\u00e3o foi definida [&hellip;]<\/p>\n","protected":false},"author":0,"featured_media":0,"comment_status":"open","ping_status":"open","sticky":false,"template":"","format":"standard","meta":{"footnotes":""},"categories":[1],"tags":[],"_links":{"self":[{"href":"https:\/\/jeffersonisac.adv.br\/index.php\/wp-json\/wp\/v2\/posts\/3390"}],"collection":[{"href":"https:\/\/jeffersonisac.adv.br\/index.php\/wp-json\/wp\/v2\/posts"}],"about":[{"href":"https:\/\/jeffersonisac.adv.br\/index.php\/wp-json\/wp\/v2\/types\/post"}],"replies":[{"embeddable":true,"href":"https:\/\/jeffersonisac.adv.br\/index.php\/wp-json\/wp\/v2\/comments?post=3390"}],"version-history":[{"count":0,"href":"https:\/\/jeffersonisac.adv.br\/index.php\/wp-json\/wp\/v2\/posts\/3390\/revisions"}],"wp:attachment":[{"href":"https:\/\/jeffersonisac.adv.br\/index.php\/wp-json\/wp\/v2\/media?parent=3390"}],"wp:term":[{"taxonomy":"category","embeddable":true,"href":"https:\/\/jeffersonisac.adv.br\/index.php\/wp-json\/wp\/v2\/categories?post=3390"},{"taxonomy":"post_tag","embeddable":true,"href":"https:\/\/jeffersonisac.adv.br\/index.php\/wp-json\/wp\/v2\/tags?post=3390"}],"curies":[{"name":"wp","href":"https:\/\/api.w.org\/{rel}","templated":true}]}}