{"id":3391,"date":"2023-11-09T11:43:50","date_gmt":"2023-11-09T14:43:50","guid":{"rendered":"https:\/\/jeffersonisac.adv.br\/index.php\/2023\/11\/09\/comissao-aprova-uso-do-servico-militar-como-titulo-em-concurso-para-area-de-seguranca\/"},"modified":"2023-11-09T11:43:50","modified_gmt":"2023-11-09T14:43:50","slug":"comissao-aprova-uso-do-servico-militar-como-titulo-em-concurso-para-area-de-seguranca","status":"publish","type":"post","link":"https:\/\/jeffersonisac.adv.br\/index.php\/2023\/11\/09\/comissao-aprova-uso-do-servico-militar-como-titulo-em-concurso-para-area-de-seguranca\/","title":{"rendered":"Comiss\u00e3o aprova uso do servi\u00e7o militar como t\u00edtulo em concurso para \u00e1rea de seguran\u00e7a"},"content":{"rendered":"<div class=\"image-container\">\n<div class=\"midia-creditos\"><em>Vinicius Loures \/ C\u00e2mara dos Deputados<\/em><\/div>\n<div class=\"media-wrapper\"><\/div>\n<div class=\"midia-legenda\">Cabo Gilberto Silva foi o relator da proposta<\/div>\n<\/div>\n<p>A Comiss\u00e3o de Seguran\u00e7a P\u00fablica da C\u00e2mara dos Deputados aprovou projeto de lei que autoriza pra\u00e7as das For\u00e7as Armadas a utilizarem a experi\u00eancia adquirida no exerc\u00edcio militar como t\u00edtulos em provas de concursos p\u00fablicos para o ingresso nas pol\u00edcias e nos corpos de bombeiros militares (<a class=\"linkProposicao\" href=\"https:\/\/www.camara.leg.br\/noticias\/569173-projeto-autoriza-uso-de-experiencia-nas-forcas-armadas-como-titulo-para-ingresso-na-pm\">PL 3907\/19<\/a>).<\/p>\n<p>Segundo o relator, deputado Cabo Gilberto Silva (PL-PB), &#8220;o objetivo da proposta \u00e9 oferecer maior prote\u00e7\u00e3o \u00e0 popula\u00e7\u00e3o com o aproveitamento da experi\u00eancia militar para ingresso nas corpora\u00e7\u00f5es, com significativa economia para o er\u00e1rio e conveni\u00eancia para a administra\u00e7\u00e3o e a sociedade&#8221;.<\/p>\n<p>\u201cSeria justo que qualquer profissional da seguran\u00e7a p\u00fablica que deseje concorrer a outro concurso na \u00e1rea pudesse ter garantido que o tempo de servi\u00e7o na antiga corpora\u00e7\u00e3o servisse como t\u00edtulo para fins de pontua\u00e7\u00e3o nos concursos seletivos&#8221;, considerou o deputado.<\/p>\n<p>Pertencem \u00e0 categoria de pra\u00e7a os militares com os postos de recruta, soldado, segundo-cabo, primeiro-cabo, cabo-adjunto, cabo de sec\u00e7\u00e3o e cabo-mor, no Ex\u00e9rcito, For\u00e7a A\u00e9rea e Guarda Nacional Republicana.<\/p>\n<p><strong>Tramita\u00e7\u00e3o<br \/>\n<\/strong>O projeto, que tramita em <span class=\"termoGlossario\">car\u00e1ter conclusivo<\/span>, ainda ser\u00e1 analisado pelas comiss\u00f5es de Trabalho, de Administra\u00e7\u00e3o e Servi\u00e7o P\u00fablico; e de Constitui\u00e7\u00e3o e Justi\u00e7a e de Cidadania.<\/p>\n<p><a href=\"https:\/\/www.camara.leg.br\/noticias\/573454-SAIBA-MAIS-SOBRE-A-TRAMITACAO-DE-PROJETOS-DE-LEI\">Saiba mais sobre a tramita\u00e7\u00e3o de projetos de lei<\/a><\/p>","protected":false},"excerpt":{"rendered":"<p>Vinicius Loures \/ C\u00e2mara dos Deputados Cabo Gilberto Silva foi o relator da proposta A Comiss\u00e3o de Seguran\u00e7a P\u00fablica da C\u00e2mara dos Deputados aprovou projeto de lei que autoriza pra\u00e7as das For\u00e7as Armadas a utilizarem a experi\u00eancia adquirida no exerc\u00edcio militar como t\u00edtulos em provas de concursos p\u00fablicos para o ingresso nas pol\u00edcias e nos [&hellip;]<\/p>\n","protected":false},"author":0,"featured_media":0,"comment_status":"open","ping_status":"open","sticky":false,"template":"","format":"standard","meta":{"footnotes":""},"categories":[1],"tags":[],"_links":{"self":[{"href":"https:\/\/jeffersonisac.adv.br\/index.php\/wp-json\/wp\/v2\/posts\/3391"}],"collection":[{"href":"https:\/\/jeffersonisac.adv.br\/index.php\/wp-json\/wp\/v2\/posts"}],"about":[{"href":"https:\/\/jeffersonisac.adv.br\/index.php\/wp-json\/wp\/v2\/types\/post"}],"replies":[{"embeddable":true,"href":"https:\/\/jeffersonisac.adv.br\/index.php\/wp-json\/wp\/v2\/comments?post=3391"}],"version-history":[{"count":0,"href":"https:\/\/jeffersonisac.adv.br\/index.php\/wp-json\/wp\/v2\/posts\/3391\/revisions"}],"wp:attachment":[{"href":"https:\/\/jeffersonisac.adv.br\/index.php\/wp-json\/wp\/v2\/media?parent=3391"}],"wp:term":[{"taxonomy":"category","embeddable":true,"href":"https:\/\/jeffersonisac.adv.br\/index.php\/wp-json\/wp\/v2\/categories?post=3391"},{"taxonomy":"post_tag","embeddable":true,"href":"https:\/\/jeffersonisac.adv.br\/index.php\/wp-json\/wp\/v2\/tags?post=3391"}],"curies":[{"name":"wp","href":"https:\/\/api.w.org\/{rel}","templated":true}]}}