{"id":3395,"date":"2023-11-09T11:43:51","date_gmt":"2023-11-09T14:43:51","guid":{"rendered":"https:\/\/jeffersonisac.adv.br\/index.php\/2023\/11\/09\/audiencia-discute-seguranca-juridica-para-producao-de-hidrogenio-verde-no-pais\/"},"modified":"2023-11-09T11:43:51","modified_gmt":"2023-11-09T14:43:51","slug":"audiencia-discute-seguranca-juridica-para-producao-de-hidrogenio-verde-no-pais","status":"publish","type":"post","link":"https:\/\/jeffersonisac.adv.br\/index.php\/2023\/11\/09\/audiencia-discute-seguranca-juridica-para-producao-de-hidrogenio-verde-no-pais\/","title":{"rendered":"Audi\u00eancia discute seguran\u00e7a jur\u00eddica para produ\u00e7\u00e3o de hidrog\u00eanio verde no Pa\u00eds"},"content":{"rendered":"<div class=\"image-container\">\n<div class=\"midia-creditos\"><em>GettyImages<\/em><\/div>\n<div class=\"media-wrapper\"><\/div>\n<div class=\"midia-legenda\">O hidrog\u00eanio pode ser obtido de v\u00e1rias fontes<\/div>\n<\/div>\n<p>A Subcomiss\u00e3o Especial de Hidrog\u00eanio Verde discute na segunda-feira (13), \u00e0s 10 horas, no plen\u00e1rio 14, a seguran\u00e7a institucional e jur\u00eddica para produ\u00e7\u00e3o e consumo do hidrog\u00eanio sustent\u00e1vel no Brasil. A reuni\u00e3o foi proposta pelo deputado Le\u00f4nidas Cristino (PDT-CE), relator do colegiado para o tema.<\/p>\n<p>A subcomiss\u00e3o, que \u00e9 vinculada \u00e0 Comiss\u00e3o de Minas e Energia da C\u00e2mara dos Deputados, estuda as potencialidades do hidrog\u00eanio verde como op\u00e7\u00e3o energ\u00e9tica de baixa emiss\u00e3o de carbono.<\/p>\n<p><strong>O que \u00e9<\/strong><br \/>\nO hidrog\u00eanio \u00e9 abundante na natureza e tem sido largamente utilizado no mundo para produzir energia. Ele pode ser obtido de v\u00e1rias fontes e costuma ser classificado por cores, de acordo com sua proced\u00eancia:<\/p>\n<p>hidrog\u00eanio cinza ou marrom, vindo da queima de combust\u00edveis f\u00f3sseis, altamente poluentes;<br \/>\nhidrog\u00eanio azul, obtido por t\u00e9cnicas de captura de carbono; e<br \/>\nhidrog\u00eanio verde ou sustent\u00e1vel, gerado por fontes renov\u00e1veis de energia.<\/p>\n<p><a href=\"https:\/\/www.camara.leg.br\/evento-legislativo\/71013\">Veja quem foi convidado para discutir o assunto com os deputados<\/a><\/p>","protected":false},"excerpt":{"rendered":"<p>GettyImages O hidrog\u00eanio pode ser obtido de v\u00e1rias fontes A Subcomiss\u00e3o Especial de Hidrog\u00eanio Verde discute na segunda-feira (13), \u00e0s 10 horas, no plen\u00e1rio 14, a seguran\u00e7a institucional e jur\u00eddica para produ\u00e7\u00e3o e consumo do hidrog\u00eanio sustent\u00e1vel no Brasil. A reuni\u00e3o foi proposta pelo deputado Le\u00f4nidas Cristino (PDT-CE), relator do colegiado para o tema. A [&hellip;]<\/p>\n","protected":false},"author":0,"featured_media":0,"comment_status":"open","ping_status":"open","sticky":false,"template":"","format":"standard","meta":{"footnotes":""},"categories":[1],"tags":[],"_links":{"self":[{"href":"https:\/\/jeffersonisac.adv.br\/index.php\/wp-json\/wp\/v2\/posts\/3395"}],"collection":[{"href":"https:\/\/jeffersonisac.adv.br\/index.php\/wp-json\/wp\/v2\/posts"}],"about":[{"href":"https:\/\/jeffersonisac.adv.br\/index.php\/wp-json\/wp\/v2\/types\/post"}],"replies":[{"embeddable":true,"href":"https:\/\/jeffersonisac.adv.br\/index.php\/wp-json\/wp\/v2\/comments?post=3395"}],"version-history":[{"count":0,"href":"https:\/\/jeffersonisac.adv.br\/index.php\/wp-json\/wp\/v2\/posts\/3395\/revisions"}],"wp:attachment":[{"href":"https:\/\/jeffersonisac.adv.br\/index.php\/wp-json\/wp\/v2\/media?parent=3395"}],"wp:term":[{"taxonomy":"category","embeddable":true,"href":"https:\/\/jeffersonisac.adv.br\/index.php\/wp-json\/wp\/v2\/categories?post=3395"},{"taxonomy":"post_tag","embeddable":true,"href":"https:\/\/jeffersonisac.adv.br\/index.php\/wp-json\/wp\/v2\/tags?post=3395"}],"curies":[{"name":"wp","href":"https:\/\/api.w.org\/{rel}","templated":true}]}}