{"id":3408,"date":"2023-11-09T15:55:48","date_gmt":"2023-11-09T18:55:48","guid":{"rendered":"https:\/\/jeffersonisac.adv.br\/index.php\/2023\/11\/09\/comissao-aprova-recursos-para-diversificacao-de-base-economica-de-municipios-mineradores\/"},"modified":"2023-11-09T15:55:48","modified_gmt":"2023-11-09T18:55:48","slug":"comissao-aprova-recursos-para-diversificacao-de-base-economica-de-municipios-mineradores","status":"publish","type":"post","link":"https:\/\/jeffersonisac.adv.br\/index.php\/2023\/11\/09\/comissao-aprova-recursos-para-diversificacao-de-base-economica-de-municipios-mineradores\/","title":{"rendered":"Comiss\u00e3o aprova recursos para diversifica\u00e7\u00e3o de base econ\u00f4mica de munic\u00edpios mineradores"},"content":{"rendered":"<div class=\"image-container\">\n<div class=\"midia-creditos\"><em>Zeca Ribeiro \/ C\u00e2mara dos Deputados<\/em><\/div>\n<div class=\"media-wrapper\"><\/div>\n<div class=\"midia-legenda\">Evair Vieira de Melo: &#8220;Diversifica\u00e7\u00e3o \u00e9 essencial para munic\u00edpios&#8221;<\/div>\n<\/div>\n<p>A Comiss\u00e3o de Minas e Energia da C\u00e2mara dos Deputados aprovou projeto de lei pelo qual a Compensa\u00e7\u00e3o Financeira pelos Recursos Minerais (CFEM) dever\u00e1 ser investida na modifica\u00e7\u00e3o da base econ\u00f4mica produtiva de estados e munic\u00edpios.<\/p>\n<p>Foi aprovado o substitutivo elaborado pelo relator, deputado Evair Vieira de Melo (PP-ES), para o <a class=\"linkProposicao\" href=\"https:\/\/www.camara.leg.br\/noticias\/865781-proposta-aumenta-a-taxacao-sobre-minerios-e-destina-verbas-a-saude\">Projeto de Lei 840\/22<\/a>, do deputado Diego Andrade (PSD-MG). O texto original elevava as al\u00edquotas da CFEM a fim de financiar a sa\u00fade.<\/p>\n<p>\u201cN\u00e3o merecem prosperar os projetos que elevam a al\u00edquota de CFEM\u201d, disse Evair Vieira de Melo. \u201cA crescente tributa\u00e7\u00e3o sobre o setor mineral desequilibra as condi\u00e7\u00f5es de competitividade do Pa\u00eds no mercado internacional. Por outro lado, a destina\u00e7\u00e3o de recursos da CFEM para diversifica\u00e7\u00e3o econ\u00f4mica de regi\u00f5es dependentes da minera\u00e7\u00e3o \u00e9 essencial para que os munic\u00edpios n\u00e3o dependam exclusivamente dessa atividade no longo prazo\u201d, avaliou o relator.<\/p>\n<p>Como a minera\u00e7\u00e3o \u00e9 associada a elevados riscos ambientais, a CFEM destina a maior parte da arrecada\u00e7\u00e3o aos munic\u00edpios, tanto produtores como afetados, por serem os entes federativos mais sujeitos aos impactos da explora\u00e7\u00e3o mineral.<\/p>\n<p><strong>Tramita\u00e7\u00e3o<\/strong><br \/>\nO projeto tramita em <span class=\"termoGlossario\">car\u00e1ter conclusivo<\/span> e ainda ser\u00e1 analisado pelas comiss\u00f5es de Finan\u00e7as e Tributa\u00e7\u00e3o; e de Constitui\u00e7\u00e3o e Justi\u00e7a e de Cidadania.<\/p>","protected":false},"excerpt":{"rendered":"<p>Zeca Ribeiro \/ C\u00e2mara dos Deputados Evair Vieira de Melo: &#8220;Diversifica\u00e7\u00e3o \u00e9 essencial para munic\u00edpios&#8221; A Comiss\u00e3o de Minas e Energia da C\u00e2mara dos Deputados aprovou projeto de lei pelo qual a Compensa\u00e7\u00e3o Financeira pelos Recursos Minerais (CFEM) dever\u00e1 ser investida na modifica\u00e7\u00e3o da base econ\u00f4mica produtiva de estados e munic\u00edpios. Foi aprovado o substitutivo [&hellip;]<\/p>\n","protected":false},"author":0,"featured_media":0,"comment_status":"open","ping_status":"open","sticky":false,"template":"","format":"standard","meta":{"footnotes":""},"categories":[1],"tags":[],"_links":{"self":[{"href":"https:\/\/jeffersonisac.adv.br\/index.php\/wp-json\/wp\/v2\/posts\/3408"}],"collection":[{"href":"https:\/\/jeffersonisac.adv.br\/index.php\/wp-json\/wp\/v2\/posts"}],"about":[{"href":"https:\/\/jeffersonisac.adv.br\/index.php\/wp-json\/wp\/v2\/types\/post"}],"replies":[{"embeddable":true,"href":"https:\/\/jeffersonisac.adv.br\/index.php\/wp-json\/wp\/v2\/comments?post=3408"}],"version-history":[{"count":0,"href":"https:\/\/jeffersonisac.adv.br\/index.php\/wp-json\/wp\/v2\/posts\/3408\/revisions"}],"wp:attachment":[{"href":"https:\/\/jeffersonisac.adv.br\/index.php\/wp-json\/wp\/v2\/media?parent=3408"}],"wp:term":[{"taxonomy":"category","embeddable":true,"href":"https:\/\/jeffersonisac.adv.br\/index.php\/wp-json\/wp\/v2\/categories?post=3408"},{"taxonomy":"post_tag","embeddable":true,"href":"https:\/\/jeffersonisac.adv.br\/index.php\/wp-json\/wp\/v2\/tags?post=3408"}],"curies":[{"name":"wp","href":"https:\/\/api.w.org\/{rel}","templated":true}]}}