{"id":3411,"date":"2023-11-09T18:53:27","date_gmt":"2023-11-09T21:53:27","guid":{"rendered":"https:\/\/jeffersonisac.adv.br\/index.php\/2023\/11\/09\/comissao-aprova-contratacao-obrigatoria-de-artistas-locais-em-eventos-financiados-com-recursos-publicos\/"},"modified":"2023-11-09T18:53:27","modified_gmt":"2023-11-09T21:53:27","slug":"comissao-aprova-contratacao-obrigatoria-de-artistas-locais-em-eventos-financiados-com-recursos-publicos","status":"publish","type":"post","link":"https:\/\/jeffersonisac.adv.br\/index.php\/2023\/11\/09\/comissao-aprova-contratacao-obrigatoria-de-artistas-locais-em-eventos-financiados-com-recursos-publicos\/","title":{"rendered":"Comiss\u00e3o aprova contrata\u00e7\u00e3o obrigat\u00f3ria de artistas locais em eventos financiados com recursos p\u00fablicos"},"content":{"rendered":"<div class=\"image-container\">\n<div class=\"midia-creditos\"><em>Mario Agra\/C\u00e2mara dos Deputados<\/em><\/div>\n<div class=\"media-wrapper\"><\/div>\n<div class=\"midia-legenda\">A relatora, Fl\u00e1via Morais: promo\u00e7\u00e3o de importantes oportunidades de trabalho<\/div>\n<\/div>\n<p>A Comiss\u00e3o de Trabalho da C\u00e2mara dos Deputados aprovou projeto de lei que torna obrigat\u00f3ria a contrata\u00e7\u00e3o de artistas locais para a abertura de shows, eventos musicais ou culturais financiados com recursos p\u00fablicos. O texto define artistas locais como os que nasceram, vivem ou residem no munic\u00edpio em que ocorre a apresenta\u00e7\u00e3o.<\/p>\n<p>O texto tamb\u00e9m altera a Lei Aldir Blanc, para tornar obrigat\u00f3rio o estabelecimento de pol\u00edticas de valoriza\u00e7\u00e3o do artista local, e a nova Lei de Licita\u00e7\u00f5es, prevendo que a contrata\u00e7\u00e3o de profissional do setor art\u00edstico deve incentivar a regionaliza\u00e7\u00e3o e valorizar a \u201cdiversidade \u00e9tnica e regional e de conte\u00fados locais\u201d.<\/p>\n<p>O texto aprovado foi um substitutivo da relatora, deputada Fl\u00e1via Morais (PDT-GO), que re\u00fane trechos do <a href=\"https:\/\/www.camara.leg.br\/noticias\/635624-projeto-torna-obrigatoria-contratacao-de-artistas-locais-na-abertura-de-shows-financiados-com-recursos-publicos\">Projeto de Lei 6465\/19<\/a>, do ex-deputado Roberto Pessoa, e dos apensados (PLs 2186\/22 e 2962\/22).<\/p>\n<p>\u201cAs proposi\u00e7\u00f5es t\u00eam em comum o m\u00e9rito de incentivar a contrata\u00e7\u00e3o de artistas locais para apresenta\u00e7\u00e3o em eventos culturais financiados com recursos p\u00fablicos, sendo assim capazes de promover importantes oportunidades de trabalho\u201d, disse a relatora.<\/p>\n<p>O descumprimento da obriga\u00e7\u00e3o implica o dever de devolu\u00e7\u00e3o integral dos recursos p\u00fablicos recebidos.<\/p>\n<p><strong>Tramita\u00e7\u00e3o<\/strong><br \/>\nA proposta ainda ser\u00e1 analisada, em <span class=\"termoGlossario\">car\u00e1ter conclusivo<\/span>, pelas comiss\u00f5es de Administra\u00e7\u00e3o e Servi\u00e7o P\u00fablico; de Finan\u00e7as e Tributa\u00e7\u00e3o; e de Constitui\u00e7\u00e3o e Justi\u00e7a e de Cidadania (CCJ).<\/p>\n<p><a href=\"https:\/\/www.camara.leg.br\/noticias\/573454-SAIBA-MAIS-SOBRE-A-TRAMITACAO-DE-PROJETOS-DE-LEI\">Saiba mais sobre a tramita\u00e7\u00e3o de projetos de lei<\/a><\/p>","protected":false},"excerpt":{"rendered":"<p>Mario Agra\/C\u00e2mara dos Deputados A relatora, Fl\u00e1via Morais: promo\u00e7\u00e3o de importantes oportunidades de trabalho A Comiss\u00e3o de Trabalho da C\u00e2mara dos Deputados aprovou projeto de lei que torna obrigat\u00f3ria a contrata\u00e7\u00e3o de artistas locais para a abertura de shows, eventos musicais ou culturais financiados com recursos p\u00fablicos. O texto define artistas locais como os que [&hellip;]<\/p>\n","protected":false},"author":0,"featured_media":0,"comment_status":"open","ping_status":"open","sticky":false,"template":"","format":"standard","meta":{"footnotes":""},"categories":[1],"tags":[],"_links":{"self":[{"href":"https:\/\/jeffersonisac.adv.br\/index.php\/wp-json\/wp\/v2\/posts\/3411"}],"collection":[{"href":"https:\/\/jeffersonisac.adv.br\/index.php\/wp-json\/wp\/v2\/posts"}],"about":[{"href":"https:\/\/jeffersonisac.adv.br\/index.php\/wp-json\/wp\/v2\/types\/post"}],"replies":[{"embeddable":true,"href":"https:\/\/jeffersonisac.adv.br\/index.php\/wp-json\/wp\/v2\/comments?post=3411"}],"version-history":[{"count":0,"href":"https:\/\/jeffersonisac.adv.br\/index.php\/wp-json\/wp\/v2\/posts\/3411\/revisions"}],"wp:attachment":[{"href":"https:\/\/jeffersonisac.adv.br\/index.php\/wp-json\/wp\/v2\/media?parent=3411"}],"wp:term":[{"taxonomy":"category","embeddable":true,"href":"https:\/\/jeffersonisac.adv.br\/index.php\/wp-json\/wp\/v2\/categories?post=3411"},{"taxonomy":"post_tag","embeddable":true,"href":"https:\/\/jeffersonisac.adv.br\/index.php\/wp-json\/wp\/v2\/tags?post=3411"}],"curies":[{"name":"wp","href":"https:\/\/api.w.org\/{rel}","templated":true}]}}