{"id":3418,"date":"2023-11-10T10:27:12","date_gmt":"2023-11-10T13:27:12","guid":{"rendered":"https:\/\/jeffersonisac.adv.br\/index.php\/2023\/11\/10\/comissao-aprova-assistencia-financeira-federal-para-garantir-transporte-publico-gratuito-a-idosos\/"},"modified":"2023-11-10T10:27:12","modified_gmt":"2023-11-10T13:27:12","slug":"comissao-aprova-assistencia-financeira-federal-para-garantir-transporte-publico-gratuito-a-idosos","status":"publish","type":"post","link":"https:\/\/jeffersonisac.adv.br\/index.php\/2023\/11\/10\/comissao-aprova-assistencia-financeira-federal-para-garantir-transporte-publico-gratuito-a-idosos\/","title":{"rendered":"Comiss\u00e3o aprova assist\u00eancia financeira federal para garantir transporte p\u00fablico gratuito a idosos"},"content":{"rendered":"<div class=\"image-container\">\n<div class=\"midia-creditos\"><em>Vinicius Loures\/C\u00e2mara dos Deputados<\/em><\/div>\n<div class=\"media-wrapper\"><\/div>\n<div class=\"midia-legenda\">L\u00eada Borges: envelhecimento da popula\u00e7\u00e3o demanda a\u00e7\u00f5es espec\u00edficas<\/div>\n<\/div>\n<p>A Comiss\u00e3o de Desenvolvimento Urbano da C\u00e2mara dos Deputados aprovou projeto de lei que cria um programa federal para subsidiar a gratuidade dos transportes coletivos para pessoas com mais de 65 anos nos estados e munic\u00edpios.<\/p>\n<p>O benef\u00edcio ser\u00e1 custeado por recursos arrecadados pela Uni\u00e3o com os <span class=\"termoGlossario\">royalties<\/span> de petr\u00f3leo. Hoje esses recursos beneficiam as \u00e1reas de sa\u00fade e educa\u00e7\u00e3o.<\/p>\n<p>A comiss\u00e3o acolheu o voto da relatora, deputada L\u00eada Borges (PSDB-GO), pela aprova\u00e7\u00e3o do <a class=\"linkProposicao\" href=\"https:\/\/www.camara.leg.br\/noticias\/855029-projeto-preve-recursos-federais-para-garantir-transporte-publico-gratuito-a-idosos\">Projeto de Lei 4392\/21<\/a>, do senador Nelsinho Trad (PSD-MS). Segundo ela, o envelhecimento da popula\u00e7\u00e3o vai demandar pol\u00edticas espec\u00edficas para os idosos. \u201cQueremos que esse envelhecimento seja acompanhado de melhor qualidade de vida\u201d, disse L\u00eada.<\/p>\n<p>A proposta j\u00e1 foi aprovada no Senado Federal e tramita na C\u00e2mara dos Deputados em regime de <span class=\"termoGlossario\">urg\u00eancia<\/span>. Se houver acordo pol\u00edtico, poder\u00e1 ser analisada diretamente no Plen\u00e1rio, sem necessidade de passar pelas demais comiss\u00f5es designadas a emitir parecer sobre o texto (de Defesa dos Direitos da Pessoa Idosa; de Finan\u00e7as e Tributa\u00e7\u00e3o; e de Constitui\u00e7\u00e3o e Justi\u00e7a e de Cidadania).<\/p>\n<p><a href=\"https:\/\/www.camara.leg.br\/noticias\/573454-SAIBA-MAIS-SOBRE-A-TRAMITACAO-DE-PROJETOS-DE-LEI\">Saiba mais sobre a tramita\u00e7\u00e3o de projetos de lei<\/a><\/p>\n<p><strong>Regras<br \/>\n<\/strong>O PL 4392\/21 institui o Programa Nacional de Assist\u00eancia \u00e0 Mobilidade dos Idosos em \u00c1reas Urbanas (Pnami), que prev\u00ea assist\u00eancia financeira da Uni\u00e3o \u2013 limitada a R$ 5 bilh\u00f5es anuais \u2013 a estados e munic\u00edpios que possuem servi\u00e7os de transporte p\u00fablico coletivo urbano regular.<\/p>\n<p>O texto estabelece ainda que:<\/p>\n<p>os recursos ser\u00e3o enviados a fundos de transporte p\u00fablico coletivo criados pelos entes federados, com distribui\u00e7\u00e3o proporcional \u00e0 popula\u00e7\u00e3o municipal maior de 65 anos;<br \/>\no acesso \u00e0 gratuidade depender\u00e1 da apresenta\u00e7\u00e3o de documento pessoal que comprove a idade do passageiro; e<br \/>\na Uni\u00e3o divulgar\u00e1 os valores transferidos para cada estado ou munic\u00edpio beneficiado.<\/p>","protected":false},"excerpt":{"rendered":"<p>Vinicius Loures\/C\u00e2mara dos Deputados L\u00eada Borges: envelhecimento da popula\u00e7\u00e3o demanda a\u00e7\u00f5es espec\u00edficas A Comiss\u00e3o de Desenvolvimento Urbano da C\u00e2mara dos Deputados aprovou projeto de lei que cria um programa federal para subsidiar a gratuidade dos transportes coletivos para pessoas com mais de 65 anos nos estados e munic\u00edpios. O benef\u00edcio ser\u00e1 custeado por recursos arrecadados [&hellip;]<\/p>\n","protected":false},"author":0,"featured_media":0,"comment_status":"open","ping_status":"open","sticky":false,"template":"","format":"standard","meta":{"footnotes":""},"categories":[1],"tags":[],"_links":{"self":[{"href":"https:\/\/jeffersonisac.adv.br\/index.php\/wp-json\/wp\/v2\/posts\/3418"}],"collection":[{"href":"https:\/\/jeffersonisac.adv.br\/index.php\/wp-json\/wp\/v2\/posts"}],"about":[{"href":"https:\/\/jeffersonisac.adv.br\/index.php\/wp-json\/wp\/v2\/types\/post"}],"replies":[{"embeddable":true,"href":"https:\/\/jeffersonisac.adv.br\/index.php\/wp-json\/wp\/v2\/comments?post=3418"}],"version-history":[{"count":0,"href":"https:\/\/jeffersonisac.adv.br\/index.php\/wp-json\/wp\/v2\/posts\/3418\/revisions"}],"wp:attachment":[{"href":"https:\/\/jeffersonisac.adv.br\/index.php\/wp-json\/wp\/v2\/media?parent=3418"}],"wp:term":[{"taxonomy":"category","embeddable":true,"href":"https:\/\/jeffersonisac.adv.br\/index.php\/wp-json\/wp\/v2\/categories?post=3418"},{"taxonomy":"post_tag","embeddable":true,"href":"https:\/\/jeffersonisac.adv.br\/index.php\/wp-json\/wp\/v2\/tags?post=3418"}],"curies":[{"name":"wp","href":"https:\/\/api.w.org\/{rel}","templated":true}]}}