{"id":3441,"date":"2023-11-13T09:34:17","date_gmt":"2023-11-13T12:34:17","guid":{"rendered":"https:\/\/jeffersonisac.adv.br\/index.php\/2023\/11\/13\/comissao-aprova-projeto-que-busca-fortalecer-combate-a-violencia-politica-contra-as-mulheres\/"},"modified":"2023-11-13T09:34:17","modified_gmt":"2023-11-13T12:34:17","slug":"comissao-aprova-projeto-que-busca-fortalecer-combate-a-violencia-politica-contra-as-mulheres","status":"publish","type":"post","link":"https:\/\/jeffersonisac.adv.br\/index.php\/2023\/11\/13\/comissao-aprova-projeto-que-busca-fortalecer-combate-a-violencia-politica-contra-as-mulheres\/","title":{"rendered":"Comiss\u00e3o aprova projeto que busca fortalecer combate \u00e0 viol\u00eancia pol\u00edtica contra as mulheres"},"content":{"rendered":"<div class=\"image-container\">\n<div class=\"midia-creditos\"><em>Carolina Souza \/ C\u00e2mara dos Deputados<\/em><\/div>\n<div class=\"media-wrapper\"><\/div>\n<div class=\"midia-legenda\">L\u00eada Borges relatou a proposta<\/div>\n<\/div>\n<p>A Comiss\u00e3o de Defesa dos Direitos da Mulher da C\u00e2mara dos Deputados aprovou projeto de lei (PL 4069\/23) que busca aprimorar os mecanismos de preven\u00e7\u00e3o e combate \u00e0 viol\u00eancia pol\u00edtica contra as mulheres.<\/p>\n<p>O texto, que ainda ser\u00e1 analisado pela Comiss\u00e3o de Constitui\u00e7\u00e3o e Justi\u00e7a e de Cidadania (CCJ) e pelo Plen\u00e1rio, prev\u00ea o seguinte:<\/p>\n<p>qualquer pessoa que tenha conhecimento ou presencie conduta que configure viol\u00eancia pol\u00edtica contra a mulher, praticada em local p\u00fablico ou privado, tem o dever de comunicar o fato imediatamente;<br \/>\na comunica\u00e7\u00e3o deve ser feita a servi\u00e7os de recebimento den\u00fancias (Disque 100 e 180), ao <span class=\"termoGlossario\">Minist\u00e9rio P\u00fablico<\/span>, \u00e0s ouvidorias dos tribunais eleitorais, ou \u00e0 pol\u00edcia, entre outros \u00f3rg\u00e3os;<br \/>\no poder p\u00fablico estabelecer\u00e1 medidas para proteger o denunciante, inclusive compensat\u00f3rias.<\/p>\n<p><strong>Criminaliza\u00e7\u00e3o<br \/>\n<\/strong>O projeto aprovado \u00e9 da deputada Laura Carneiro (PSD-RJ) e visa aperfei\u00e7oar o <a href=\"https:\/\/www2.camara.leg.br\/legin\/fed\/lei\/1960-1969\/lei-4737-15-julho-1965-356297-norma-pl.html\">C\u00f3digo Eleitoral<\/a> e a <a class=\"linkLegislacao\" href=\"https:\/\/www2.camara.gov.br\/legin\/fed\/lei\/2021\/lei-14192-4-agosto-2021-791631-norma-pl.html\">Lei 14.192\/21<\/a>, que estabeleceu normas para combater a viol\u00eancia pol\u00edtica contra as mulheres. A relatora, deputada L\u00eada Borges (PSDB-GO), deu parecer favor\u00e1vel.<\/p>\n<p>A proposta tamb\u00e9m prev\u00ea medidas penais. O texto pune quem deixar de comunicar \u00e0s autoridades a pr\u00e1tica de viol\u00eancia pol\u00edtica contra a mulher. A pena \u00e9 de <span class=\"termoGlossario\">deten\u00e7\u00e3o<\/span> de 6 meses a 3 anos, podendo ser dobrada em alguns casos, como se o autor da agress\u00e3o for pol\u00edtico.<\/p>\n<p>Tamb\u00e9m criminaliza a omiss\u00e3o, dissimula\u00e7\u00e3o ou fraude na aplica\u00e7\u00e3o de recursos destinados \u00e0s candidatas, com pena de <span class=\"termoGlossario\">reclus\u00e3o<\/span> de 3 a 6 anos, e multa.<\/p>\n<p>Atualmente, a Constitui\u00e7\u00e3o destina \u00e0s candidaturas femininas no m\u00ednimo 30% dos fundos p\u00fablicos eleitorais e do tempo de propaganda gratuita no r\u00e1dio e na TV.<\/p>\n<p><strong>Mudan\u00e7a<br \/>\n<\/strong>Segundo a relatora, desde 2021 o Conselho Nacional de Justi\u00e7a (CNJ) j\u00e1 contabilizou mais de 100 casos de acusa\u00e7\u00e3o envolvendo comportamentos que visam humilhar, amea\u00e7ar ou prejudicar mulheres detentoras de mandatos eletivos.<\/p>\n<p>\u201cPrecisamos alterar essa situa\u00e7\u00e3o\u201d, disse L\u00eada Borges. Ela elogiou ainda os dispositivos do projeto que criminalizam as fraudes na aplica\u00e7\u00e3o de recursos destinados \u00e0s candidatas. \u201cDe nada adianta, na pr\u00e1tica, o estabelecimento de regras precisas, que fortalecem as campanhas eleitorais femininas, se estas n\u00e3o forem aplicadas corretamente\u201d, afirmou.<\/p>\n<p><a href=\"https:\/\/www.camara.leg.br\/noticias\/573454-SAIBA-MAIS-SOBRE-A-TRAMITACAO-DE-PROJETOS-DE-LEI\">Saiba mais sobre a tramita\u00e7\u00e3o de projetos de lei<\/a><\/p>","protected":false},"excerpt":{"rendered":"<p>Carolina Souza \/ C\u00e2mara dos Deputados L\u00eada Borges relatou a proposta A Comiss\u00e3o de Defesa dos Direitos da Mulher da C\u00e2mara dos Deputados aprovou projeto de lei (PL 4069\/23) que busca aprimorar os mecanismos de preven\u00e7\u00e3o e combate \u00e0 viol\u00eancia pol\u00edtica contra as mulheres. O texto, que ainda ser\u00e1 analisado pela Comiss\u00e3o de Constitui\u00e7\u00e3o e [&hellip;]<\/p>\n","protected":false},"author":0,"featured_media":0,"comment_status":"open","ping_status":"open","sticky":false,"template":"","format":"standard","meta":{"footnotes":""},"categories":[1],"tags":[],"_links":{"self":[{"href":"https:\/\/jeffersonisac.adv.br\/index.php\/wp-json\/wp\/v2\/posts\/3441"}],"collection":[{"href":"https:\/\/jeffersonisac.adv.br\/index.php\/wp-json\/wp\/v2\/posts"}],"about":[{"href":"https:\/\/jeffersonisac.adv.br\/index.php\/wp-json\/wp\/v2\/types\/post"}],"replies":[{"embeddable":true,"href":"https:\/\/jeffersonisac.adv.br\/index.php\/wp-json\/wp\/v2\/comments?post=3441"}],"version-history":[{"count":0,"href":"https:\/\/jeffersonisac.adv.br\/index.php\/wp-json\/wp\/v2\/posts\/3441\/revisions"}],"wp:attachment":[{"href":"https:\/\/jeffersonisac.adv.br\/index.php\/wp-json\/wp\/v2\/media?parent=3441"}],"wp:term":[{"taxonomy":"category","embeddable":true,"href":"https:\/\/jeffersonisac.adv.br\/index.php\/wp-json\/wp\/v2\/categories?post=3441"},{"taxonomy":"post_tag","embeddable":true,"href":"https:\/\/jeffersonisac.adv.br\/index.php\/wp-json\/wp\/v2\/tags?post=3441"}],"curies":[{"name":"wp","href":"https:\/\/api.w.org\/{rel}","templated":true}]}}