{"id":3443,"date":"2023-11-13T09:34:17","date_gmt":"2023-11-13T12:34:17","guid":{"rendered":"https:\/\/jeffersonisac.adv.br\/index.php\/2023\/11\/13\/projeto-altera-regra-para-designar-homenageado-em-rodovias-federais\/"},"modified":"2023-11-13T09:34:17","modified_gmt":"2023-11-13T12:34:17","slug":"projeto-altera-regra-para-designar-homenageado-em-rodovias-federais","status":"publish","type":"post","link":"https:\/\/jeffersonisac.adv.br\/index.php\/2023\/11\/13\/projeto-altera-regra-para-designar-homenageado-em-rodovias-federais\/","title":{"rendered":"Projeto altera regra para designar homenageado em rodovias federais"},"content":{"rendered":"<div class=\"image-container\">\n<div class=\"midia-creditos\"><em>Rovena Rosa\/Ag\u00eancia Brasil<\/em><\/div>\n<div class=\"media-wrapper\"><\/div>\n<div class=\"midia-legenda\">Trecho da rodovia Presidente Dutra<\/div>\n<\/div>\n<p>O Projeto de Lei 3201\/19, j\u00e1 aprovado pelo Senado, determina que a designa\u00e7\u00e3o de nome a trecho de via dever\u00e1 assegurar que o homenageado, em vida, tenha gozado de notoriedade entre a popula\u00e7\u00e3o da respectiva unidade da federa\u00e7\u00e3o.<\/p>\n<p>A proposta agora em an\u00e1lise na C\u00e2mara dos Deputados altera a <a class=\"linkLegislacao\" href=\"https:\/\/www2.camara.gov.br\/legin\/fed\/lei\/1970-1979\/lei-6682-27-agosto-1979-357066-norma-pl.html\">Lei 6.682\/79<\/a>, que trata da denomina\u00e7\u00e3o de vias e esta\u00e7\u00f5es terminais do Plano Nacional de Via\u00e7\u00e3o.<\/p>\n<p>O texto prev\u00ea ainda que, no Congresso Nacional, o autor do projeto de lei com esse objetivo se restringir\u00e1 a denominar esta\u00e7\u00e3o terminal, obra de arte ou trecho de via localizados na unidade da federa\u00e7\u00e3o pela qual foi eleito.<\/p>\n<p>\u201cTrata-se de um instrumento relevante pois, al\u00e9m de homenagear, desempenha a fun\u00e7\u00e3o de preservar a mem\u00f3ria daqueles que tenham prestado servi\u00e7os \u00e0 coletividade not\u00f3rios\u201d, disse o ex-senador Jorginho Mello, autor da proposta e atualmente governador de Santa Catarina. \u201cContudo, h\u00e1 oportunidades para aprimorar os crit\u00e9rios de designa\u00e7\u00e3o estabelecidos pela lei\u201d, acrescentou.<\/p>\n<p><strong>Tramita\u00e7\u00e3o<\/strong><br \/>\nO projeto tramita em <span class=\"termoGlossario\">car\u00e1ter conclusivo<\/span> e ser\u00e1 analisado pelas comiss\u00f5es de Via\u00e7\u00e3o e Transportes; de Cultura; e de Constitui\u00e7\u00e3o e Justi\u00e7a e de Cidadania.<\/p>\n<p><a href=\"https:\/\/www.camara.leg.br\/noticias\/573454-SAIBA-MAIS-SOBRE-A-TRAMITACAO-DE-PROJETOS-DE-LEI\">Saiba mais sobre a tramita\u00e7\u00e3o de projetos de lei<\/a><\/p>","protected":false},"excerpt":{"rendered":"<p>Rovena Rosa\/Ag\u00eancia Brasil Trecho da rodovia Presidente Dutra O Projeto de Lei 3201\/19, j\u00e1 aprovado pelo Senado, determina que a designa\u00e7\u00e3o de nome a trecho de via dever\u00e1 assegurar que o homenageado, em vida, tenha gozado de notoriedade entre a popula\u00e7\u00e3o da respectiva unidade da federa\u00e7\u00e3o. A proposta agora em an\u00e1lise na C\u00e2mara dos Deputados [&hellip;]<\/p>\n","protected":false},"author":0,"featured_media":0,"comment_status":"open","ping_status":"open","sticky":false,"template":"","format":"standard","meta":{"footnotes":""},"categories":[1],"tags":[],"_links":{"self":[{"href":"https:\/\/jeffersonisac.adv.br\/index.php\/wp-json\/wp\/v2\/posts\/3443"}],"collection":[{"href":"https:\/\/jeffersonisac.adv.br\/index.php\/wp-json\/wp\/v2\/posts"}],"about":[{"href":"https:\/\/jeffersonisac.adv.br\/index.php\/wp-json\/wp\/v2\/types\/post"}],"replies":[{"embeddable":true,"href":"https:\/\/jeffersonisac.adv.br\/index.php\/wp-json\/wp\/v2\/comments?post=3443"}],"version-history":[{"count":0,"href":"https:\/\/jeffersonisac.adv.br\/index.php\/wp-json\/wp\/v2\/posts\/3443\/revisions"}],"wp:attachment":[{"href":"https:\/\/jeffersonisac.adv.br\/index.php\/wp-json\/wp\/v2\/media?parent=3443"}],"wp:term":[{"taxonomy":"category","embeddable":true,"href":"https:\/\/jeffersonisac.adv.br\/index.php\/wp-json\/wp\/v2\/categories?post=3443"},{"taxonomy":"post_tag","embeddable":true,"href":"https:\/\/jeffersonisac.adv.br\/index.php\/wp-json\/wp\/v2\/tags?post=3443"}],"curies":[{"name":"wp","href":"https:\/\/api.w.org\/{rel}","templated":true}]}}