{"id":3451,"date":"2023-11-13T13:44:24","date_gmt":"2023-11-13T16:44:24","guid":{"rendered":"https:\/\/jeffersonisac.adv.br\/index.php\/2023\/11\/13\/comissao-aprova-programa-para-estimular-a-presenca-de-mulheres-na-construcao-civil\/"},"modified":"2023-11-13T13:44:24","modified_gmt":"2023-11-13T16:44:24","slug":"comissao-aprova-programa-para-estimular-a-presenca-de-mulheres-na-construcao-civil","status":"publish","type":"post","link":"https:\/\/jeffersonisac.adv.br\/index.php\/2023\/11\/13\/comissao-aprova-programa-para-estimular-a-presenca-de-mulheres-na-construcao-civil\/","title":{"rendered":"Comiss\u00e3o aprova programa para estimular a presen\u00e7a de mulheres na constru\u00e7\u00e3o civil"},"content":{"rendered":"<div class=\"image-container\">\n<div class=\"midia-creditos\"><em>Pablo Valadares\/C\u00e2mara dos Deputados<\/em><\/div>\n<div class=\"media-wrapper\"><\/div>\n<div class=\"midia-legenda\">Franciane Bayer: presen\u00e7a da mulher deve ser incentivada em todos os segmentos<\/div>\n<\/div>\n<p>A Comiss\u00e3o de Defesa dos Direitos da Mulher da C\u00e2mara dos Deputados aprovou o Projeto de Lei 2315\/23, da deputada Rog\u00e9ria Santos (Republicanos-BA), que prev\u00ea a realiza\u00e7\u00e3o de conv\u00eanios entre o governo federal e estados e munic\u00edpios para incentivar programas de contrata\u00e7\u00e3o de mulheres pela constru\u00e7\u00e3o civil.<\/p>\n<p>Segundo o texto, empresas do setor que participarem de <span class=\"termoGlossario\">licita\u00e7\u00f5es<\/span> dever\u00e3o reservar a mulheres entre 5% e 10% dos cargos operacionais e gerenciais.<\/p>\n<p>A relatora, deputada Franciane Bayer (Republicanos-RS), defendeu a aprova\u00e7\u00e3o da proposta. Ela destacou que o objetivo da projeto \u00e9 estimular a participa\u00e7\u00e3o de mulheres em segmentos da sociedade que seguem sendo majoritariamente masculinos, como o da constru\u00e7\u00e3o civil.<\/p>\n<p>\u201c\u00c9 justamente onde a presen\u00e7a feminina \u00e9 menor, onde est\u00e1 mais arraigada a percep\u00e7\u00e3o social de que s\u00e3o espa\u00e7os proibidos para a mulher, que a a\u00e7\u00e3o estatal se torna mais necess\u00e1ria\u201d, disse a relatora.<\/p>\n<p><strong>Tramita\u00e7\u00e3o<\/strong><br \/>\nA proposta tramita em <span class=\"termoGlossario\">car\u00e1ter conclusivo<\/span> e ser\u00e1 analisada ainda pelas comiss\u00f5es de Trabalho; de Finan\u00e7as e Tributa\u00e7\u00e3o; e de Constitui\u00e7\u00e3o e Justi\u00e7a e de Cidadania.<\/p>\n<p><a href=\"https:\/\/www.camara.leg.br\/noticias\/573454-SAIBA-MAIS-SOBRE-A-TRAMITACAO-DE-PROJETOS-DE-LEI\">Saiba mais sobre a tramita\u00e7\u00e3o de projetos de lei<\/a><\/p>","protected":false},"excerpt":{"rendered":"<p>Pablo Valadares\/C\u00e2mara dos Deputados Franciane Bayer: presen\u00e7a da mulher deve ser incentivada em todos os segmentos A Comiss\u00e3o de Defesa dos Direitos da Mulher da C\u00e2mara dos Deputados aprovou o Projeto de Lei 2315\/23, da deputada Rog\u00e9ria Santos (Republicanos-BA), que prev\u00ea a realiza\u00e7\u00e3o de conv\u00eanios entre o governo federal e estados e munic\u00edpios para incentivar [&hellip;]<\/p>\n","protected":false},"author":0,"featured_media":0,"comment_status":"open","ping_status":"open","sticky":false,"template":"","format":"standard","meta":{"footnotes":""},"categories":[1],"tags":[],"_links":{"self":[{"href":"https:\/\/jeffersonisac.adv.br\/index.php\/wp-json\/wp\/v2\/posts\/3451"}],"collection":[{"href":"https:\/\/jeffersonisac.adv.br\/index.php\/wp-json\/wp\/v2\/posts"}],"about":[{"href":"https:\/\/jeffersonisac.adv.br\/index.php\/wp-json\/wp\/v2\/types\/post"}],"replies":[{"embeddable":true,"href":"https:\/\/jeffersonisac.adv.br\/index.php\/wp-json\/wp\/v2\/comments?post=3451"}],"version-history":[{"count":0,"href":"https:\/\/jeffersonisac.adv.br\/index.php\/wp-json\/wp\/v2\/posts\/3451\/revisions"}],"wp:attachment":[{"href":"https:\/\/jeffersonisac.adv.br\/index.php\/wp-json\/wp\/v2\/media?parent=3451"}],"wp:term":[{"taxonomy":"category","embeddable":true,"href":"https:\/\/jeffersonisac.adv.br\/index.php\/wp-json\/wp\/v2\/categories?post=3451"},{"taxonomy":"post_tag","embeddable":true,"href":"https:\/\/jeffersonisac.adv.br\/index.php\/wp-json\/wp\/v2\/tags?post=3451"}],"curies":[{"name":"wp","href":"https:\/\/api.w.org\/{rel}","templated":true}]}}