{"id":3466,"date":"2023-11-14T10:22:48","date_gmt":"2023-11-14T13:22:48","guid":{"rendered":"https:\/\/jeffersonisac.adv.br\/index.php\/2023\/11\/14\/iluminacao-laranja-do-congresso-integra-acoes-pelo-dia-mundial-da-doenca-pulmonar\/"},"modified":"2023-11-14T10:22:48","modified_gmt":"2023-11-14T13:22:48","slug":"iluminacao-laranja-do-congresso-integra-acoes-pelo-dia-mundial-da-doenca-pulmonar","status":"publish","type":"post","link":"https:\/\/jeffersonisac.adv.br\/index.php\/2023\/11\/14\/iluminacao-laranja-do-congresso-integra-acoes-pelo-dia-mundial-da-doenca-pulmonar\/","title":{"rendered":"Ilumina\u00e7\u00e3o laranja do Congresso integra a\u00e7\u00f5es pelo Dia Mundial da Doen\u00e7a Pulmonar"},"content":{"rendered":"<div class=\"image-container\">\n<div class=\"midia-creditos\"><em>Pierre Triboli\/C\u00e2mara dos Deputados<\/em><\/div>\n<div class=\"media-wrapper\"><\/div>\n<div class=\"midia-legenda\">C\u00fapula da C\u00e2mara dos Deputados iluminada de laranja<\/div>\n<\/div>\n<p>O Congresso Nacional ficar\u00e1 iluminado de laranja nesta quarta-feira (15) pelo Dia Mundial da Doen\u00e7a Pulmonar Obstrutiva Cr\u00f4nica (DPOC). O objetivo \u00e9 chamar a aten\u00e7\u00e3o para o mal que, de forma lenta e progressiva, causa obstru\u00e7\u00e3o nas vias a\u00e9reas inferiores. A DPOC \u00e9 uma inflama\u00e7\u00e3o nos pulm\u00f5es e tem no enfisema pulmonar e na bronquite cr\u00f4nica os exemplos mais comuns.<\/p>\n<p>A ilumina\u00e7\u00e3o foi solicitada pela deputada Fl\u00e1via Morais (PDT-GO).<\/p>\n<p>A exposi\u00e7\u00e3o ao tabaco e subst\u00e2ncias t\u00f3xicas \u00e9 um dos principais fatores de risco da doen\u00e7a. De acordo com a Organiza\u00e7\u00e3o Mundial da Sa\u00fade (OMS), 210 milh\u00f5es de pessoas ao redor do mundo sofrem com a DPOC.<\/p>\n<p>A enfermidade n\u00e3o tem cura, o que torna ainda mais importante conscientizar a popula\u00e7\u00e3o para a preven\u00e7\u00e3o e o diagn\u00f3stico precoce, a fim de ajudar no tratamento e retardar o avan\u00e7o da doen\u00e7a.<\/p>","protected":false},"excerpt":{"rendered":"<p>Pierre Triboli\/C\u00e2mara dos Deputados C\u00fapula da C\u00e2mara dos Deputados iluminada de laranja O Congresso Nacional ficar\u00e1 iluminado de laranja nesta quarta-feira (15) pelo Dia Mundial da Doen\u00e7a Pulmonar Obstrutiva Cr\u00f4nica (DPOC). O objetivo \u00e9 chamar a aten\u00e7\u00e3o para o mal que, de forma lenta e progressiva, causa obstru\u00e7\u00e3o nas vias a\u00e9reas inferiores. A DPOC \u00e9 [&hellip;]<\/p>\n","protected":false},"author":0,"featured_media":0,"comment_status":"open","ping_status":"open","sticky":false,"template":"","format":"standard","meta":{"footnotes":""},"categories":[1],"tags":[],"_links":{"self":[{"href":"https:\/\/jeffersonisac.adv.br\/index.php\/wp-json\/wp\/v2\/posts\/3466"}],"collection":[{"href":"https:\/\/jeffersonisac.adv.br\/index.php\/wp-json\/wp\/v2\/posts"}],"about":[{"href":"https:\/\/jeffersonisac.adv.br\/index.php\/wp-json\/wp\/v2\/types\/post"}],"replies":[{"embeddable":true,"href":"https:\/\/jeffersonisac.adv.br\/index.php\/wp-json\/wp\/v2\/comments?post=3466"}],"version-history":[{"count":0,"href":"https:\/\/jeffersonisac.adv.br\/index.php\/wp-json\/wp\/v2\/posts\/3466\/revisions"}],"wp:attachment":[{"href":"https:\/\/jeffersonisac.adv.br\/index.php\/wp-json\/wp\/v2\/media?parent=3466"}],"wp:term":[{"taxonomy":"category","embeddable":true,"href":"https:\/\/jeffersonisac.adv.br\/index.php\/wp-json\/wp\/v2\/categories?post=3466"},{"taxonomy":"post_tag","embeddable":true,"href":"https:\/\/jeffersonisac.adv.br\/index.php\/wp-json\/wp\/v2\/tags?post=3466"}],"curies":[{"name":"wp","href":"https:\/\/api.w.org\/{rel}","templated":true}]}}