{"id":3469,"date":"2023-11-14T10:22:48","date_gmt":"2023-11-14T13:22:48","guid":{"rendered":"https:\/\/jeffersonisac.adv.br\/index.php\/2023\/11\/14\/projeto-preve-aplicacao-de-ritos-processuais-mais-curtos-para-crimes-com-pena-de-ate-8-anos\/"},"modified":"2023-11-14T10:22:48","modified_gmt":"2023-11-14T13:22:48","slug":"projeto-preve-aplicacao-de-ritos-processuais-mais-curtos-para-crimes-com-pena-de-ate-8-anos","status":"publish","type":"post","link":"https:\/\/jeffersonisac.adv.br\/index.php\/2023\/11\/14\/projeto-preve-aplicacao-de-ritos-processuais-mais-curtos-para-crimes-com-pena-de-ate-8-anos\/","title":{"rendered":"Projeto prev\u00ea aplica\u00e7\u00e3o de ritos processuais mais curtos para crimes com pena de at\u00e9 8 anos"},"content":{"rendered":"<div class=\"image-container\">\n<div class=\"midia-creditos\"><em>MyKe Sena\/C\u00e2mara dos Deputados<\/em><\/div>\n<div class=\"media-wrapper\"><\/div>\n<div class=\"midia-legenda\">Nicoletti \u00e9 o autor do projeto<\/div>\n<\/div>\n<p>O Projeto de Lei 2021\/23 altera o <a href=\"https:\/\/www2.camara.leg.br\/legin\/fed\/declei\/1940-1949\/decreto-lei-3689-3-outubro-1941-322206-norma-pe.html\">C\u00f3digo de Processo Penal<\/a> para aplicar os ritos sum\u00e1rio e sumar\u00edssimo, que possuem prazos processuais mais curtos, a um maior n\u00famero de casos. O texto est\u00e1 sendo analisado pela C\u00e2mara dos Deputados.<\/p>\n<p>A proposta determina que o rito sum\u00e1rio poder\u00e1 ser utilizado quando a puni\u00e7\u00e3o m\u00e1xima prevista para o delito for inferior a oito anos de priva\u00e7\u00e3o de liberdade.\u00a0 Atualmente, o rito sum\u00e1rio se aplica a crimes com penas inferiores a quatro anos.<\/p>\n<p>O autor do projeto, deputado Nicoletti (Uni\u00e3o-RR), considera que a mudan\u00e7a &#8220;ser\u00e1 importante para aumentar a agilidade e reduzir a burocracia na aplica\u00e7\u00e3o da lei penal, diminuindo a sensa\u00e7\u00e3o de impunidade\u201d.<\/p>\n<p><strong>Crimes de menor potencial ofensivo <\/strong><br \/>\nO projeto tamb\u00e9m altera a <a class=\"linkLegislacao\" href=\"https:\/\/www2.camara.gov.br\/legin\/fed\/lei\/1995\/lei-9099-26-setembro-1995-348608-norma-pl.html\">Lei dos Juizados Especiais Criminais<\/a> para definir como crimes de menor potencial ofensivo aqueles com pena m\u00e1xima inferior a quatro anos. Hoje, esses juizados s\u00f3 podem atuar no julgamento de infra\u00e7\u00f5es penais com pena m\u00e1xima de dois anos.<\/p>\n<p>\u201cRessalto que o objetivo do projeto n\u00e3o \u00e9 reduzir a pena de nenhum crime, mas impor maior celeridade e menor burocracia, o que resultar\u00e1 numa maior efetividade da lei penal e redu\u00e7\u00e3o da sensa\u00e7\u00e3o de impunidade\u201d, acrescenta Nicoletti.<\/p>\n<p><strong>Tramita\u00e7\u00e3o<\/strong><br \/>\nA proposta ser\u00e1 analisada pela Comiss\u00e3o de Constitui\u00e7\u00e3o e Justi\u00e7a e de Cidadania. Depois, ser\u00e1 analisado pelo Plen\u00e1rio.<\/p>\n<p><a href=\"https:\/\/www.camara.leg.br\/noticias\/573454-SAIBA-MAIS-SOBRE-A-TRAMITACAO-DE-PROJETOS-DE-LEI\">Saiba mais sobre a tramita\u00e7\u00e3o de projetos de lei<\/a><\/p>","protected":false},"excerpt":{"rendered":"<p>MyKe Sena\/C\u00e2mara dos Deputados Nicoletti \u00e9 o autor do projeto O Projeto de Lei 2021\/23 altera o C\u00f3digo de Processo Penal para aplicar os ritos sum\u00e1rio e sumar\u00edssimo, que possuem prazos processuais mais curtos, a um maior n\u00famero de casos. O texto est\u00e1 sendo analisado pela C\u00e2mara dos Deputados. A proposta determina que o rito [&hellip;]<\/p>\n","protected":false},"author":0,"featured_media":0,"comment_status":"open","ping_status":"open","sticky":false,"template":"","format":"standard","meta":{"footnotes":""},"categories":[1],"tags":[],"_links":{"self":[{"href":"https:\/\/jeffersonisac.adv.br\/index.php\/wp-json\/wp\/v2\/posts\/3469"}],"collection":[{"href":"https:\/\/jeffersonisac.adv.br\/index.php\/wp-json\/wp\/v2\/posts"}],"about":[{"href":"https:\/\/jeffersonisac.adv.br\/index.php\/wp-json\/wp\/v2\/types\/post"}],"replies":[{"embeddable":true,"href":"https:\/\/jeffersonisac.adv.br\/index.php\/wp-json\/wp\/v2\/comments?post=3469"}],"version-history":[{"count":0,"href":"https:\/\/jeffersonisac.adv.br\/index.php\/wp-json\/wp\/v2\/posts\/3469\/revisions"}],"wp:attachment":[{"href":"https:\/\/jeffersonisac.adv.br\/index.php\/wp-json\/wp\/v2\/media?parent=3469"}],"wp:term":[{"taxonomy":"category","embeddable":true,"href":"https:\/\/jeffersonisac.adv.br\/index.php\/wp-json\/wp\/v2\/categories?post=3469"},{"taxonomy":"post_tag","embeddable":true,"href":"https:\/\/jeffersonisac.adv.br\/index.php\/wp-json\/wp\/v2\/tags?post=3469"}],"curies":[{"name":"wp","href":"https:\/\/api.w.org\/{rel}","templated":true}]}}